{"id":46995,"date":"2016-07-13T15:59:30","date_gmt":"2016-07-13T12:59:30","guid":{"rendered":"http:\/\/www.sana.sy\/es\/?p=46995"},"modified":"2016-07-13T19:20:54","modified_gmt":"2016-07-13T16:20:54","slug":"presidente-al-assad-nombra-a-nuevos-gobernadores-de-damasco-campo-y-swaida","status":"publish","type":"post","link":"https:\/\/archive.sana.sy\/es\/?p=46995","title":{"rendered":"Presidente al-Assad nombra a nuevos gobernadores de Damasco-campo y Sweida"},"content":{"rendered":"<p><span style=\"color: #800000\">Damasco, SANA<\/span><\/p>\n<p style=\"text-align: justify\">El presidente Bashar al-Assad design\u00f3\u00a0este mi\u00e9rcoles mediante el decreto\u00a0No. 210 del a\u00f1o 2016 a nuevos gobernadores de Damasco-campo y Sweida.<\/p>\n<p style=\"text-align: justify\">El referido decreto estipula el nombramiento del se\u00f1or Alaa Munir Ibrahim como gobernador de Damasco-campo, y del se\u00f1or \u00a0Amer Ibrahim al-Eshi como gobernador de Sweida.<\/p>\n<p>&nbsp;<\/p>\n<p>&nbsp;<\/p>\n<p>Lynn A.<\/p>\n","protected":false},"excerpt":{"rendered":"<p>Damasco, SANA El presidente Bashar al-Assad design\u00f3\u00a0este mi\u00e9rcoles mediante el decreto\u00a0No. 210 del a\u00f1o 2016 a nuevos gobernadores de Damasco-campo y Sweida. El referido decreto estipula el nombramiento del se\u00f1or Alaa Munir Ibrahim como gobernador de Damasco-campo, y del se\u00f1or \u00a0Amer Ibrahim al-Eshi como gobernador de Sweida. &nbsp; &nbsp; Lynn A.<\/p>\n","protected":false},"author":24,"featured_media":29902,"comment_status":"closed","ping_status":"closed","sticky":false,"template":"","format":"standard","meta":{"footnotes":""},"categories":[583,626],"tags":[],"class_list":["post-46995","post","type-post","status-publish","format-standard","has-post-thumbnail","","category-slide","category-sr-presidente"],"_links":{"self":[{"href":"https:\/\/archive.sana.sy\/es\/index.php?rest_route=\/wp\/v2\/posts\/46995"}],"collection":[{"href":"https:\/\/archive.sana.sy\/es\/index.php?rest_route=\/wp\/v2\/posts"}],"about":[{"href":"https:\/\/archive.sana.sy\/es\/index.php?rest_route=\/wp\/v2\/types\/post"}],"author":[{"embeddable":true,"href":"https:\/\/archive.sana.sy\/es\/index.php?rest_route=\/wp\/v2\/users\/24"}],"replies":[{"embeddable":true,"href":"https:\/\/archive.sana.sy\/es\/index.php?rest_route=%2Fwp%2Fv2%2Fcomments&post=46995"}],"version-history":[{"count":0,"href":"https:\/\/archive.sana.sy\/es\/index.php?rest_route=\/wp\/v2\/posts\/46995\/revisions"}],"wp:featuredmedia":[{"embeddable":true,"href":"https:\/\/archive.sana.sy\/es\/index.php?rest_route=\/wp\/v2\/media\/29902"}],"wp:attachment":[{"href":"https:\/\/archive.sana.sy\/es\/index.php?rest_route=%2Fwp%2Fv2%2Fmedia&parent=46995"}],"wp:term":[{"taxonomy":"category","embeddable":true,"href":"https:\/\/archive.sana.sy\/es\/index.php?rest_route=%2Fwp%2Fv2%2Fcategories&post=46995"},{"taxonomy":"post_tag","embeddable":true,"href":"https:\/\/archive.sana.sy\/es\/index.php?rest_route=%2Fwp%2Fv2%2Ftags&post=46995"}],"curies":[{"name":"wp","href":"https:\/\/api.w.org\/{rel}","templated":true}]}}