{"id":46997,"date":"2016-07-13T13:03:08","date_gmt":"2016-07-13T10:03:08","guid":{"rendered":"http:\/\/www.sana.sy\/es\/?p=46997"},"modified":"2023-01-10T15:28:57","modified_gmt":"2023-01-10T13:28:57","slug":"provincia-siria-produce-70-mil-toneladas-de-manzanas","status":"publish","type":"post","link":"https:\/\/archive.sana.sy\/es\/?p=46997","title":{"rendered":"Provincia siria produce 70 mil toneladas de manzanas"},"content":{"rendered":"<p><span style=\"color: #800000\">Sweida, SANA<\/span><\/p>\n<p style=\"text-align: justify\">El Departamento de Agricultura de la provincia de Sweida en el sur del pa\u00eds, estim\u00f3 la producci\u00f3n total de manzanas en la provincia para la temporada actual en alrededor de 70.262 toneladas.<\/p>\n<p style=\"text-align: justify\">El jefe del Departamento de Riqueza Vegetal, Ing. Akram Sarai, declar\u00f3 a SANA que la producci\u00f3n esperada para la temporada actual es buena teniendo en cuenta las buenas condiciones clim\u00e1ticas que ayudaron a la fructificaci\u00f3n, adem\u00e1s de la entrada de unas 500 hect\u00e1reas en las fase de cultivaci\u00f3n.<\/p>\n<p style=\"text-align: justify\">Revel\u00f3 que la superficie total sembrada de manzanas en la provincia es 15 mil 408 hect\u00e1reas con tres millones 238 mil \u00e1rboles.<\/p>\n<p style=\"text-align: justify\">La producci\u00f3n de la provincia el a\u00f1o pasado 2015 fue de 40 mil toneladas.<\/p>\n<p>&nbsp;<\/p>\n<p>&nbsp;<\/p>\n<p>Fady M., Lynn A.<\/p>\n","protected":false},"excerpt":{"rendered":"<p>Sweida, SANA El Departamento de Agricultura de la provincia de Sweida en el sur del pa\u00eds, estim\u00f3 la producci\u00f3n total de manzanas en la provincia para la temporada actual en alrededor de 70.262 toneladas. El jefe del Departamento de Riqueza Vegetal, Ing. Akram Sarai, declar\u00f3 a SANA que la producci\u00f3n esperada para la temporada actual &hellip;<\/p>\n","protected":false},"author":24,"featured_media":46998,"comment_status":"closed","ping_status":"closed","sticky":false,"template":"","format":"standard","meta":{"footnotes":""},"categories":[447,485,7541],"tags":[],"class_list":["post-46997","post","type-post","status-publish","format-standard","has-post-thumbnail","","category-local-politica","category-informes-negocios-y-finanzas","category-ultimas-noticias"],"_links":{"self":[{"href":"https:\/\/archive.sana.sy\/es\/index.php?rest_route=\/wp\/v2\/posts\/46997"}],"collection":[{"href":"https:\/\/archive.sana.sy\/es\/index.php?rest_route=\/wp\/v2\/posts"}],"about":[{"href":"https:\/\/archive.sana.sy\/es\/index.php?rest_route=\/wp\/v2\/types\/post"}],"author":[{"embeddable":true,"href":"https:\/\/archive.sana.sy\/es\/index.php?rest_route=\/wp\/v2\/users\/24"}],"replies":[{"embeddable":true,"href":"https:\/\/archive.sana.sy\/es\/index.php?rest_route=%2Fwp%2Fv2%2Fcomments&post=46997"}],"version-history":[{"count":0,"href":"https:\/\/archive.sana.sy\/es\/index.php?rest_route=\/wp\/v2\/posts\/46997\/revisions"}],"wp:featuredmedia":[{"embeddable":true,"href":"https:\/\/archive.sana.sy\/es\/index.php?rest_route=\/wp\/v2\/media\/46998"}],"wp:attachment":[{"href":"https:\/\/archive.sana.sy\/es\/index.php?rest_route=%2Fwp%2Fv2%2Fmedia&parent=46997"}],"wp:term":[{"taxonomy":"category","embeddable":true,"href":"https:\/\/archive.sana.sy\/es\/index.php?rest_route=%2Fwp%2Fv2%2Fcategories&post=46997"},{"taxonomy":"post_tag","embeddable":true,"href":"https:\/\/archive.sana.sy\/es\/index.php?rest_route=%2Fwp%2Fv2%2Ftags&post=46997"}],"curies":[{"name":"wp","href":"https:\/\/api.w.org\/{rel}","templated":true}]}}