{"id":47000,"date":"2016-07-13T16:06:33","date_gmt":"2016-07-13T13:06:33","guid":{"rendered":"http:\/\/www.sana.sy\/es\/?p=47000"},"modified":"2016-07-13T19:25:45","modified_gmt":"2016-07-13T16:25:45","slug":"ocho-muertos-y-20-heridos-en-nuevo-atentado-terrorista-al-norte-de-bagdad","status":"publish","type":"post","link":"https:\/\/archive.sana.sy\/es\/?p=47000","title":{"rendered":"Ocho muertos y 20 heridos en nuevo atentado terrorista al norte de Bagdad"},"content":{"rendered":"<p><span style=\"color: #800000\">Bagdad, SANA<\/span><\/p>\n<p style=\"text-align: justify\">Un nuevo atentado terrorista con coche bomba cobr\u00f3 la vida de varios civiles iraqu\u00edes al norte de la capital Bagdad.<\/p>\n<p style=\"text-align: justify\">Seg\u00fan fuentes policiales, m\u00e1s de ocho iraqu\u00edes murieron y otros 20 resultaron heridos en un atentado terrorista suicida contra un punto de control en la zona al Husayenieh, ubicada al norte de Bagdad.<\/p>\n<p style=\"text-align: justify\">El martes, 11 iraqu\u00edes perdieron la vida y otros 32 resultaron heridos en la explosi\u00f3n de un coche bomba en un mercado de verduras en la localidad de Rashidiya al norte de la capital iraqu\u00ed, Bagdad.<\/p>\n<p style=\"text-align: justify\">Por otro lado, las fuerzas iraqu\u00edes conjuntas hallaron y destruyeron a una f\u00e1brica de explosivos que contienen m\u00e1s de 200 proyectiles y 300 cohetes, en la zona de Faluya.<\/p>\n<p>&nbsp;<\/p>\n<p>&nbsp;<\/p>\n<p>Fady M., Lynn A.<\/p>\n","protected":false},"excerpt":{"rendered":"<p>Bagdad, SANA Un nuevo atentado terrorista con coche bomba cobr\u00f3 la vida de varios civiles iraqu\u00edes al norte de la capital Bagdad. Seg\u00fan fuentes policiales, m\u00e1s de ocho iraqu\u00edes murieron y otros 20 resultaron heridos en un atentado terrorista suicida contra un punto de control en la zona al Husayenieh, ubicada al norte de Bagdad. &hellip;<\/p>\n","protected":false},"author":24,"featured_media":47001,"comment_status":"closed","ping_status":"closed","sticky":false,"template":"","format":"standard","meta":{"footnotes":""},"categories":[456,457],"tags":[],"class_list":["post-47000","post","type-post","status-publish","format-standard","has-post-thumbnail","","category-arabe-internacional-politica","category-noticias-arabe-internacional-politica"],"_links":{"self":[{"href":"https:\/\/archive.sana.sy\/es\/index.php?rest_route=\/wp\/v2\/posts\/47000"}],"collection":[{"href":"https:\/\/archive.sana.sy\/es\/index.php?rest_route=\/wp\/v2\/posts"}],"about":[{"href":"https:\/\/archive.sana.sy\/es\/index.php?rest_route=\/wp\/v2\/types\/post"}],"author":[{"embeddable":true,"href":"https:\/\/archive.sana.sy\/es\/index.php?rest_route=\/wp\/v2\/users\/24"}],"replies":[{"embeddable":true,"href":"https:\/\/archive.sana.sy\/es\/index.php?rest_route=%2Fwp%2Fv2%2Fcomments&post=47000"}],"version-history":[{"count":0,"href":"https:\/\/archive.sana.sy\/es\/index.php?rest_route=\/wp\/v2\/posts\/47000\/revisions"}],"wp:featuredmedia":[{"embeddable":true,"href":"https:\/\/archive.sana.sy\/es\/index.php?rest_route=\/wp\/v2\/media\/47001"}],"wp:attachment":[{"href":"https:\/\/archive.sana.sy\/es\/index.php?rest_route=%2Fwp%2Fv2%2Fmedia&parent=47000"}],"wp:term":[{"taxonomy":"category","embeddable":true,"href":"https:\/\/archive.sana.sy\/es\/index.php?rest_route=%2Fwp%2Fv2%2Fcategories&post=47000"},{"taxonomy":"post_tag","embeddable":true,"href":"https:\/\/archive.sana.sy\/es\/index.php?rest_route=%2Fwp%2Fv2%2Ftags&post=47000"}],"curies":[{"name":"wp","href":"https:\/\/api.w.org\/{rel}","templated":true}]}}