{"id":47020,"date":"2016-07-13T17:41:09","date_gmt":"2016-07-13T14:41:09","guid":{"rendered":"http:\/\/www.sana.sy\/es\/?p=47020"},"modified":"2016-07-13T19:34:49","modified_gmt":"2016-07-13T16:34:49","slug":"siria-pide-a-rusia-incrementar-lote-de-las-becas-academicas-asignadas-a-los-estudiantes-sirios","status":"publish","type":"post","link":"https:\/\/archive.sana.sy\/es\/?p=47020","title":{"rendered":"Siria pide a Rusia incrementar lote de las becas acad\u00e9micas asignadas a los estudiantes sirios"},"content":{"rendered":"<p><span style=\"color: #800000\">Damasco, SANA<\/span><\/p>\n<p style=\"text-align: justify\">El ministro de Ense\u00f1aza Superior, Atef Nadaf, examin\u00f3 este mi\u00e9rcoles con el director de la Organizaci\u00f3n para la Cooperaci\u00f3n Cultural y Cient\u00edfica Internacional de la Canciller\u00eda rusa, Alexi Frolov, el tema de las becas entre ambos pa\u00edses.<\/p>\n<p style=\"text-align: justify\">Asimismo debatieron los mecanismos de trabajo del comit\u00e9 ruso encargo de entrevistar a los postulantes de las becas acad\u00e9micas para los estudiantes sobresalientes, las cuales han llegado este a\u00f1o a 35 becas en materia de las ciencias biol\u00f3gicas y L\u00e1ser.<\/p>\n<p style=\"text-align: justify\">El ministro sirio recalc\u00f3 en la necesidad de incrementar el lote de las becas asignadas a los estudiantes sirios, y elegir las especializaciones en \u00e1reas que impulsen el desarrollo de Siria.<\/p>\n<p style=\"text-align: justify\">Asimismo destac\u00f3 la importancia de formar\u00a0a los profesores y las profesoras del idioma ruso, especialmente despu\u00e9s de abrir el Departamento de Filolog\u00eda rusa en la Universidad de Damasco e integrar este idioma en el curr\u00edculo sirio.<\/p>\n<p style=\"text-align: justify\">A su vez, el funcionario ruso subray\u00f3 las destacadas relaciones entre ambos pa\u00edses en las \u00e1reas de educaci\u00f3n y cultura, recordando que Siria encabeza la lista de los pa\u00edses a los que Rusia asigna becas acad\u00e9micas.<\/p>\n<p style=\"text-align: justify\">Es de se\u00f1alar que Rusia ha ofrecido\u00a0este a\u00f1o 300 becas a los estudiantes sirios.<\/p>\n<p>Lynn A.<\/p>\n","protected":false},"excerpt":{"rendered":"<p>Damasco, SANA El ministro de Ense\u00f1aza Superior, Atef Nadaf, examin\u00f3 este mi\u00e9rcoles con el director de la Organizaci\u00f3n para la Cooperaci\u00f3n Cultural y Cient\u00edfica Internacional de la Canciller\u00eda rusa, Alexi Frolov, el tema de las becas entre ambos pa\u00edses. Asimismo debatieron los mecanismos de trabajo del comit\u00e9 ruso encargo de entrevistar a los postulantes de &hellip;<\/p>\n","protected":false},"author":24,"featured_media":47021,"comment_status":"closed","ping_status":"closed","sticky":false,"template":"","format":"standard","meta":{"footnotes":""},"categories":[477,476],"tags":[],"class_list":["post-47020","post","type-post","status-publish","format-standard","has-post-thumbnail","","category-noticias-edulcorantes","category-locales"],"_links":{"self":[{"href":"https:\/\/archive.sana.sy\/es\/index.php?rest_route=\/wp\/v2\/posts\/47020"}],"collection":[{"href":"https:\/\/archive.sana.sy\/es\/index.php?rest_route=\/wp\/v2\/posts"}],"about":[{"href":"https:\/\/archive.sana.sy\/es\/index.php?rest_route=\/wp\/v2\/types\/post"}],"author":[{"embeddable":true,"href":"https:\/\/archive.sana.sy\/es\/index.php?rest_route=\/wp\/v2\/users\/24"}],"replies":[{"embeddable":true,"href":"https:\/\/archive.sana.sy\/es\/index.php?rest_route=%2Fwp%2Fv2%2Fcomments&post=47020"}],"version-history":[{"count":0,"href":"https:\/\/archive.sana.sy\/es\/index.php?rest_route=\/wp\/v2\/posts\/47020\/revisions"}],"wp:featuredmedia":[{"embeddable":true,"href":"https:\/\/archive.sana.sy\/es\/index.php?rest_route=\/wp\/v2\/media\/47021"}],"wp:attachment":[{"href":"https:\/\/archive.sana.sy\/es\/index.php?rest_route=%2Fwp%2Fv2%2Fmedia&parent=47020"}],"wp:term":[{"taxonomy":"category","embeddable":true,"href":"https:\/\/archive.sana.sy\/es\/index.php?rest_route=%2Fwp%2Fv2%2Fcategories&post=47020"},{"taxonomy":"post_tag","embeddable":true,"href":"https:\/\/archive.sana.sy\/es\/index.php?rest_route=%2Fwp%2Fv2%2Ftags&post=47020"}],"curies":[{"name":"wp","href":"https:\/\/api.w.org\/{rel}","templated":true}]}}