{"id":47051,"date":"2016-07-13T20:16:53","date_gmt":"2016-07-13T17:16:53","guid":{"rendered":"http:\/\/www.sana.sy\/es\/?p=47051"},"modified":"2016-07-13T20:16:53","modified_gmt":"2016-07-13T17:16:53","slug":"el-ejercito-yemeni-lanza-un-misil-de-largo-alcance-contra-milicias-afiliadas-al-regimen-saudita","status":"publish","type":"post","link":"https:\/\/archive.sana.sy\/es\/?p=47051","title":{"rendered":"El Ej\u00e9rcito yemen\u00ed lanza un misil de largo alcance contra milicias afiliadas al r\u00e9gimen saudita"},"content":{"rendered":"<p style=\"text-align: justify\"><span style=\"color: #800000\">San\u00e1, SANA<\/span>&#8211; El Ej\u00e9rcito de Yemen ha lanzado un misil bal\u00edstico contra una concentraci\u00f3n de mercenarios de Arabia Saud\u00ed en la provincia de Marib, en el este de Yemen.<\/p>\n<p style=\"text-align: justify\">Como ha informado este mi\u00e9rcoles el Ministerio de Defensa yemen\u00ed, citado por la agencia estatal Sabanews, la unidad de misiles del Ej\u00e9rcito y las fuerzas populares han lanzado un Zelzal contra los mercenarios saud\u00edes, sin que haya hasta el momento informaci\u00f3n sobre la cifra de muertos.<\/p>\n<p style=\"text-align: justify\">En el mismo contexto, el Ej\u00e9rcito yemen\u00ed tambi\u00e9n frustr\u00f3 una ofensiva de las fuerzas del ex presidente de Yemen, Abed Rabbo Mansour Hadi, apoyados por el r\u00e9gimen saudita, hacia la zona de Altbab cerca del campamento de Kovel en la provincia de Marib y infligi\u00f3 enormes p\u00e9rdidas en las filas de los atacantes, y les destruy\u00f3 un carro blindado, agreg\u00f3 la fuente.<\/p>\n<p>M Miri.<\/p>\n","protected":false},"excerpt":{"rendered":"<p>San\u00e1, SANA&#8211; El Ej\u00e9rcito de Yemen ha lanzado un misil bal\u00edstico contra una concentraci\u00f3n de mercenarios de Arabia Saud\u00ed en la provincia de Marib, en el este de Yemen. Como ha informado este mi\u00e9rcoles el Ministerio de Defensa yemen\u00ed, citado por la agencia estatal Sabanews, la unidad de misiles del Ej\u00e9rcito y las fuerzas populares &hellip;<\/p>\n","protected":false},"author":1,"featured_media":47052,"comment_status":"closed","ping_status":"closed","sticky":false,"template":"","format":"standard","meta":{"footnotes":""},"categories":[456,457],"tags":[6304],"class_list":["post-47051","post","type-post","status-publish","format-standard","has-post-thumbnail","","category-arabe-internacional-politica","category-noticias-arabe-internacional-politica","tag-yemen"],"_links":{"self":[{"href":"https:\/\/archive.sana.sy\/es\/index.php?rest_route=\/wp\/v2\/posts\/47051"}],"collection":[{"href":"https:\/\/archive.sana.sy\/es\/index.php?rest_route=\/wp\/v2\/posts"}],"about":[{"href":"https:\/\/archive.sana.sy\/es\/index.php?rest_route=\/wp\/v2\/types\/post"}],"author":[{"embeddable":true,"href":"https:\/\/archive.sana.sy\/es\/index.php?rest_route=\/wp\/v2\/users\/1"}],"replies":[{"embeddable":true,"href":"https:\/\/archive.sana.sy\/es\/index.php?rest_route=%2Fwp%2Fv2%2Fcomments&post=47051"}],"version-history":[{"count":0,"href":"https:\/\/archive.sana.sy\/es\/index.php?rest_route=\/wp\/v2\/posts\/47051\/revisions"}],"wp:featuredmedia":[{"embeddable":true,"href":"https:\/\/archive.sana.sy\/es\/index.php?rest_route=\/wp\/v2\/media\/47052"}],"wp:attachment":[{"href":"https:\/\/archive.sana.sy\/es\/index.php?rest_route=%2Fwp%2Fv2%2Fmedia&parent=47051"}],"wp:term":[{"taxonomy":"category","embeddable":true,"href":"https:\/\/archive.sana.sy\/es\/index.php?rest_route=%2Fwp%2Fv2%2Fcategories&post=47051"},{"taxonomy":"post_tag","embeddable":true,"href":"https:\/\/archive.sana.sy\/es\/index.php?rest_route=%2Fwp%2Fv2%2Ftags&post=47051"}],"curies":[{"name":"wp","href":"https:\/\/api.w.org\/{rel}","templated":true}]}}