{"id":47054,"date":"2016-07-13T21:02:31","date_gmt":"2016-07-13T18:02:31","guid":{"rendered":"http:\/\/www.sana.sy\/es\/?p=47054"},"modified":"2016-07-13T21:03:33","modified_gmt":"2016-07-13T18:03:33","slug":"el-presidente-bashar-al-assad-recibe-mensaje-del-primer-ministro-iraqui","status":"publish","type":"post","link":"https:\/\/archive.sana.sy\/es\/?p=47054","title":{"rendered":"El presidente Bashar Al-Assad recibe mensaje del primer ministro iraqu\u00ed"},"content":{"rendered":"<p style=\"text-align: justify\"><span style=\"color: #800000\">Damasco, SANA<\/span>&#8211; El presidente Bashar Al-Assad, recibi\u00f3 hoy a Faleh al-Fayad, el asesor iraqu\u00ed de Seguridad Nacional , quien transmiti\u00f3 un mensaje del primer ministro iraqu\u00ed, Haider al-Abadi relativa a la cooperaci\u00f3n pol\u00edtica, militar y de seguridad entre los dos pa\u00edses, especialmente, en la lucha contra el terrorismo.<\/p>\n<p style=\"text-align: justify\">Durante la reuni\u00f3n, Fayad inform\u00f3 al presidente Al-Assad sobre el proceso de las preparaciones en curso para la liberaci\u00f3n de la ciudad de Mosul, destacando la firmeza de la posici\u00f3n iraqu\u00ed en el apoyo continuo, la comunicaci\u00f3n y la coordinaci\u00f3n con el gobierno sirio.<\/p>\n<p style=\"text-align: justify\">Por su parte, el presidente Al-Assad felicit\u00f3 al gobierno y al pueblo iraqu\u00ed por las victorias y logros del Ej\u00e9rcito iraqu\u00ed y las Fuerzas de Movilizaci\u00f3n Popular en la lucha contra la organizaci\u00f3n terrorista &#8220;Daesh&#8221; , en particular, la liberaci\u00f3n de la ciudad de Faluya , subrayando que la guerra llevada a cabo por los dos ej\u00e9rcitos sirio e iraqu\u00ed es la misma, y que cualquiera victoria conseguida contra el terrorismo es una victoria para ambas partes y para las todas partes interesadas seriamente en erradicar el terrorismo.<\/p>\n<p style=\"text-align: justify\"><a href=\"http:\/\/www.sana.sy\/es\/?attachment_id=47055\" rel=\"attachment wp-att-47055\"><img loading=\"lazy\" decoding=\"async\" class=\"alignnone size-medium wp-image-47055\" src=\"http:\/\/www.sana.sy\/es\/wp-content\/uploads\/2016\/07\/presidente-2-300x168.jpg\" alt=\"presidente 2\" width=\"300\" height=\"168\" srcset=\"https:\/\/archive.sana.sy\/es\/wp-content\/uploads\/2016\/07\/presidente-2.jpg 300w, https:\/\/archive.sana.sy\/es\/wp-content\/uploads\/2016\/07\/presidente-2-150x84.jpg 150w\" sizes=\"(max-width: 300px) 100vw, 300px\" \/><\/a><\/p>\n<p style=\"text-align: justify\">La reuni\u00f3n cont\u00f3 con la presencia de la delegaci\u00f3n que acompa\u00f1a al consejero al-Fayad y el embajador de Siria en Irak.<\/p>\n<p>M Miri.<\/p>\n","protected":false},"excerpt":{"rendered":"<p>Damasco, SANA&#8211; El presidente Bashar Al-Assad, recibi\u00f3 hoy a Faleh al-Fayad, el asesor iraqu\u00ed de Seguridad Nacional , quien transmiti\u00f3 un mensaje del primer ministro iraqu\u00ed, Haider al-Abadi relativa a la cooperaci\u00f3n pol\u00edtica, militar y de seguridad entre los dos pa\u00edses, especialmente, en la lucha contra el terrorismo. Durante la reuni\u00f3n, Fayad inform\u00f3 al presidente &hellip;<\/p>\n","protected":false},"author":1,"featured_media":47056,"comment_status":"closed","ping_status":"closed","sticky":false,"template":"","format":"standard","meta":{"footnotes":""},"categories":[477,476,583],"tags":[8882],"class_list":["post-47054","post","type-post","status-publish","format-standard","has-post-thumbnail","","category-noticias-edulcorantes","category-locales","category-slide","tag-presidente"],"_links":{"self":[{"href":"https:\/\/archive.sana.sy\/es\/index.php?rest_route=\/wp\/v2\/posts\/47054"}],"collection":[{"href":"https:\/\/archive.sana.sy\/es\/index.php?rest_route=\/wp\/v2\/posts"}],"about":[{"href":"https:\/\/archive.sana.sy\/es\/index.php?rest_route=\/wp\/v2\/types\/post"}],"author":[{"embeddable":true,"href":"https:\/\/archive.sana.sy\/es\/index.php?rest_route=\/wp\/v2\/users\/1"}],"replies":[{"embeddable":true,"href":"https:\/\/archive.sana.sy\/es\/index.php?rest_route=%2Fwp%2Fv2%2Fcomments&post=47054"}],"version-history":[{"count":0,"href":"https:\/\/archive.sana.sy\/es\/index.php?rest_route=\/wp\/v2\/posts\/47054\/revisions"}],"wp:featuredmedia":[{"embeddable":true,"href":"https:\/\/archive.sana.sy\/es\/index.php?rest_route=\/wp\/v2\/media\/47056"}],"wp:attachment":[{"href":"https:\/\/archive.sana.sy\/es\/index.php?rest_route=%2Fwp%2Fv2%2Fmedia&parent=47054"}],"wp:term":[{"taxonomy":"category","embeddable":true,"href":"https:\/\/archive.sana.sy\/es\/index.php?rest_route=%2Fwp%2Fv2%2Fcategories&post=47054"},{"taxonomy":"post_tag","embeddable":true,"href":"https:\/\/archive.sana.sy\/es\/index.php?rest_route=%2Fwp%2Fv2%2Ftags&post=47054"}],"curies":[{"name":"wp","href":"https:\/\/api.w.org\/{rel}","templated":true}]}}