{"id":47062,"date":"2016-07-13T21:26:18","date_gmt":"2016-07-13T18:26:18","guid":{"rendered":"http:\/\/www.sana.sy\/es\/?p=47062"},"modified":"2016-07-13T21:26:18","modified_gmt":"2016-07-13T18:26:18","slug":"fuerzas-de-seguridad-libanesas-detienen-a-tres-terroristas","status":"publish","type":"post","link":"https:\/\/archive.sana.sy\/es\/?p=47062","title":{"rendered":"Fuerzas de seguridad libanesas detienen a tres terroristas"},"content":{"rendered":"<p style=\"text-align: justify\"><span style=\"color: #800000\">Beirut, SANA<\/span>\u2013 La Direcci\u00f3n General de Seguridad Libanesa ha anunciado la detenci\u00f3n de tres terroristas en Bec\u00e1 al-Awsat, uno de ellos ex l\u00edder del grupo terrorista el Frente al-Nusra.<\/p>\n<p style=\"text-align: justify\">La fuente agreg\u00f3 que los detenidos se est\u00e1n siendo investigados bajo la supervisi\u00f3n del tribunal competente.<\/p>\n<p style=\"text-align: justify\">En el mismo contexto, la Direcci\u00f3n General de Seguridad Libanesa inform\u00f3 en un comunicado el arresto de un terrorista sirio por mantener lazos con grupos terroristas.<\/p>\n<p>M Miri.<\/p>\n","protected":false},"excerpt":{"rendered":"<p>Beirut, SANA\u2013 La Direcci\u00f3n General de Seguridad Libanesa ha anunciado la detenci\u00f3n de tres terroristas en Bec\u00e1 al-Awsat, uno de ellos ex l\u00edder del grupo terrorista el Frente al-Nusra. La fuente agreg\u00f3 que los detenidos se est\u00e1n siendo investigados bajo la supervisi\u00f3n del tribunal competente. En el mismo contexto, la Direcci\u00f3n General de Seguridad Libanesa &hellip;<\/p>\n","protected":false},"author":1,"featured_media":28965,"comment_status":"closed","ping_status":"closed","sticky":false,"template":"","format":"standard","meta":{"footnotes":""},"categories":[456,457],"tags":[8747],"class_list":["post-47062","post","type-post","status-publish","format-standard","has-post-thumbnail","","category-arabe-internacional-politica","category-noticias-arabe-internacional-politica","tag-el-libano"],"_links":{"self":[{"href":"https:\/\/archive.sana.sy\/es\/index.php?rest_route=\/wp\/v2\/posts\/47062"}],"collection":[{"href":"https:\/\/archive.sana.sy\/es\/index.php?rest_route=\/wp\/v2\/posts"}],"about":[{"href":"https:\/\/archive.sana.sy\/es\/index.php?rest_route=\/wp\/v2\/types\/post"}],"author":[{"embeddable":true,"href":"https:\/\/archive.sana.sy\/es\/index.php?rest_route=\/wp\/v2\/users\/1"}],"replies":[{"embeddable":true,"href":"https:\/\/archive.sana.sy\/es\/index.php?rest_route=%2Fwp%2Fv2%2Fcomments&post=47062"}],"version-history":[{"count":0,"href":"https:\/\/archive.sana.sy\/es\/index.php?rest_route=\/wp\/v2\/posts\/47062\/revisions"}],"wp:featuredmedia":[{"embeddable":true,"href":"https:\/\/archive.sana.sy\/es\/index.php?rest_route=\/wp\/v2\/media\/28965"}],"wp:attachment":[{"href":"https:\/\/archive.sana.sy\/es\/index.php?rest_route=%2Fwp%2Fv2%2Fmedia&parent=47062"}],"wp:term":[{"taxonomy":"category","embeddable":true,"href":"https:\/\/archive.sana.sy\/es\/index.php?rest_route=%2Fwp%2Fv2%2Fcategories&post=47062"},{"taxonomy":"post_tag","embeddable":true,"href":"https:\/\/archive.sana.sy\/es\/index.php?rest_route=%2Fwp%2Fv2%2Ftags&post=47062"}],"curies":[{"name":"wp","href":"https:\/\/api.w.org\/{rel}","templated":true}]}}