{"id":47094,"date":"2016-07-14T19:02:48","date_gmt":"2016-07-14T16:02:48","guid":{"rendered":"http:\/\/sana.sy\/es\/?p=47094"},"modified":"2016-07-14T21:52:46","modified_gmt":"2016-07-14T18:52:46","slug":"cazas-rusos-parten-de-bases-en-rusia-y-atacan-varias-posiciones-del-ei-en-el-campo-este-de-homs","status":"publish","type":"post","link":"https:\/\/archive.sana.sy\/es\/?p=47094","title":{"rendered":"Cazas rusos parten de bases en Rusia y atacan varias posiciones del EI en el campo este de Homs"},"content":{"rendered":"<p><span style=\"color: #800000\">Mosc\u00fa, SANA<\/span><\/p>\n<p>El Ministerio de Defensa ruso anunci\u00f3 que la aviaci\u00f3n militar rusa realiz\u00f3 durante los dos pasados d\u00edas 50 vuelos contra blancos de la organizaci\u00f3n terrorista del Estado Isl\u00e1mico en Palmira en el campo de la provincia de Homs.<\/p>\n<p>En un comunicado emitido este jueves, el Ministerio de Defensa ruso se\u00f1al\u00f3 que seis bombarderos de largo alcance Tu-22m3, partieron de bases a\u00e9reas ubicadas en Rusia, y lanzaron redadas intensas contra posiciones del Estado Isl\u00e1mico al este de Palmira, en Sekhneh y Arak en el campo este de Homs.<\/p>\n<p>Los operativos a\u00e9reos causaron la destrucci\u00f3n de un punto fortificado, un campamento de entrenamientos de terroristas, dos refiner\u00edas y un punto de extracci\u00f3n de crudo, as\u00ed como dejaron muertos a varios terroristas.<\/p>\n<p>Lynn A.<\/p>\n","protected":false},"excerpt":{"rendered":"<p>Mosc\u00fa, SANA El Ministerio de Defensa ruso anunci\u00f3 que la aviaci\u00f3n militar rusa realiz\u00f3 durante los dos pasados d\u00edas 50 vuelos contra blancos de la organizaci\u00f3n terrorista del Estado Isl\u00e1mico en Palmira en el campo de la provincia de Homs. En un comunicado emitido este jueves, el Ministerio de Defensa ruso se\u00f1al\u00f3 que seis bombarderos &hellip;<\/p>\n","protected":false},"author":24,"featured_media":43145,"comment_status":"closed","ping_status":"closed","sticky":false,"template":"","format":"standard","meta":{"footnotes":""},"categories":[467,583,7541],"tags":[],"class_list":["post-47094","post","type-post","status-publish","format-standard","has-post-thumbnail","","category-siria-y-el-mundo","category-slide","category-ultimas-noticias"],"_links":{"self":[{"href":"https:\/\/archive.sana.sy\/es\/index.php?rest_route=\/wp\/v2\/posts\/47094"}],"collection":[{"href":"https:\/\/archive.sana.sy\/es\/index.php?rest_route=\/wp\/v2\/posts"}],"about":[{"href":"https:\/\/archive.sana.sy\/es\/index.php?rest_route=\/wp\/v2\/types\/post"}],"author":[{"embeddable":true,"href":"https:\/\/archive.sana.sy\/es\/index.php?rest_route=\/wp\/v2\/users\/24"}],"replies":[{"embeddable":true,"href":"https:\/\/archive.sana.sy\/es\/index.php?rest_route=%2Fwp%2Fv2%2Fcomments&post=47094"}],"version-history":[{"count":0,"href":"https:\/\/archive.sana.sy\/es\/index.php?rest_route=\/wp\/v2\/posts\/47094\/revisions"}],"wp:featuredmedia":[{"embeddable":true,"href":"https:\/\/archive.sana.sy\/es\/index.php?rest_route=\/wp\/v2\/media\/43145"}],"wp:attachment":[{"href":"https:\/\/archive.sana.sy\/es\/index.php?rest_route=%2Fwp%2Fv2%2Fmedia&parent=47094"}],"wp:term":[{"taxonomy":"category","embeddable":true,"href":"https:\/\/archive.sana.sy\/es\/index.php?rest_route=%2Fwp%2Fv2%2Fcategories&post=47094"},{"taxonomy":"post_tag","embeddable":true,"href":"https:\/\/archive.sana.sy\/es\/index.php?rest_route=%2Fwp%2Fv2%2Ftags&post=47094"}],"curies":[{"name":"wp","href":"https:\/\/api.w.org\/{rel}","templated":true}]}}