{"id":47096,"date":"2016-07-14T19:55:27","date_gmt":"2016-07-14T16:55:27","guid":{"rendered":"http:\/\/sana.sy\/es\/?p=47096"},"modified":"2016-07-14T21:51:26","modified_gmt":"2016-07-14T18:51:26","slug":"nuevos-actos-terroristas-contra-alepo-dejan-cuatro-heridos","status":"publish","type":"post","link":"https:\/\/archive.sana.sy\/es\/?p=47096","title":{"rendered":"Nuevos actos terroristas contra Alepo causan dos v\u00edctimas mortales y al menos siete heridos"},"content":{"rendered":"<p><span style=\"color: #800000\">Alepo, SANA<\/span><\/p>\n<p>Grupos terroristas atacaron hoy el jueves los barrios de Saif al-Dawla, al-Zahraa y al-Shahbaa en la ciudad de Alepo con proyectiles y fuego de armas, inform\u00f3 una fuente policial.<\/p>\n<p>Los actos terroristas dejaron un saldo de 2\u00a0m\u00e1rtires y 7\u00a0heridos, adem\u00e1s de da\u00f1os materiales en las propiedades tanto p\u00fablicas como privadas, a\u00f1adi\u00f3.<\/p>\n<p>Otra fuente anunci\u00f3 anteriormente que un proyectil disparado por terroristas impact\u00f3 en el barrio de Bustan al-Zahra, ocasionado da\u00f1os materiales en algunas casas, veh\u00edculos.<\/p>\n<p>&nbsp;<\/p>\n<p>Lynn A.<\/p>\n","protected":false},"excerpt":{"rendered":"<p>Alepo, SANA Grupos terroristas atacaron hoy el jueves los barrios de Saif al-Dawla, al-Zahraa y al-Shahbaa en la ciudad de Alepo con proyectiles y fuego de armas, inform\u00f3 una fuente policial. Los actos terroristas dejaron un saldo de 2\u00a0m\u00e1rtires y 7\u00a0heridos, adem\u00e1s de da\u00f1os materiales en las propiedades tanto p\u00fablicas como privadas, a\u00f1adi\u00f3. Otra fuente &hellip;<\/p>\n","protected":false},"author":24,"featured_media":45867,"comment_status":"closed","ping_status":"closed","sticky":false,"template":"","format":"standard","meta":{"footnotes":""},"categories":[597,573,583,7541],"tags":[],"class_list":["post-47096","post","type-post","status-publish","format-standard","has-post-thumbnail","","category-cinta-de-noticias","category-la-realidad-de-los-acontecimientos-en-siria","category-slide","category-ultimas-noticias"],"_links":{"self":[{"href":"https:\/\/archive.sana.sy\/es\/index.php?rest_route=\/wp\/v2\/posts\/47096"}],"collection":[{"href":"https:\/\/archive.sana.sy\/es\/index.php?rest_route=\/wp\/v2\/posts"}],"about":[{"href":"https:\/\/archive.sana.sy\/es\/index.php?rest_route=\/wp\/v2\/types\/post"}],"author":[{"embeddable":true,"href":"https:\/\/archive.sana.sy\/es\/index.php?rest_route=\/wp\/v2\/users\/24"}],"replies":[{"embeddable":true,"href":"https:\/\/archive.sana.sy\/es\/index.php?rest_route=%2Fwp%2Fv2%2Fcomments&post=47096"}],"version-history":[{"count":0,"href":"https:\/\/archive.sana.sy\/es\/index.php?rest_route=\/wp\/v2\/posts\/47096\/revisions"}],"wp:featuredmedia":[{"embeddable":true,"href":"https:\/\/archive.sana.sy\/es\/index.php?rest_route=\/wp\/v2\/media\/45867"}],"wp:attachment":[{"href":"https:\/\/archive.sana.sy\/es\/index.php?rest_route=%2Fwp%2Fv2%2Fmedia&parent=47096"}],"wp:term":[{"taxonomy":"category","embeddable":true,"href":"https:\/\/archive.sana.sy\/es\/index.php?rest_route=%2Fwp%2Fv2%2Fcategories&post=47096"},{"taxonomy":"post_tag","embeddable":true,"href":"https:\/\/archive.sana.sy\/es\/index.php?rest_route=%2Fwp%2Fv2%2Ftags&post=47096"}],"curies":[{"name":"wp","href":"https:\/\/api.w.org\/{rel}","templated":true}]}}