{"id":47098,"date":"2016-07-14T19:46:13","date_gmt":"2016-07-14T16:46:13","guid":{"rendered":"http:\/\/sana.sy\/es\/?p=47098"},"modified":"2016-07-14T21:12:44","modified_gmt":"2016-07-14T18:12:44","slug":"rusia-grupos-de-la-oposicion-moderada-trabajan-en-conjunto-con-terroristas-del-frente-de-al-nousra-en-alepo","status":"publish","type":"post","link":"https:\/\/archive.sana.sy\/es\/?p=47098","title":{"rendered":"Rusia: grupos de la \u201coposici\u00f3n moderada\u201d trabajan en conjunto con terroristas del Frente de al-Nousra en Alepo"},"content":{"rendered":"<p><span style=\"color: #800000\">Mosc\u00fa, SANA<\/span><\/p>\n<p>La portavoz de la Canciller\u00eda rusa, Mar\u00eda Zaj\u00e1rova declar\u00f3 este jueves que varios grupos de la \u201coposici\u00f3n moderada\u201d en Siria est\u00e1n trabajando en conjunto con los terroristas, reiterando llamados de su pa\u00eds para diferenciar entre la oposici\u00f3n y los grupos terroristas del Frente de al-Nousra.<\/p>\n<p>Durante su rueda de prensa semanal, Zaj\u00e1rova dijo que grupos armados dirigidos y controlados por terroristas del Frente de al-Nousra han continuado sus intentos de arremeter contra las posiciones del ej\u00e9rcito sirio en algunos barrios de Alepo.<\/p>\n<p>Asimsimo subray\u00f3 que la eliminaci\u00f3n del caldo de cultivo del terrorismo en Siria implica diferenciar claramente entre los grupos opositores armados que rechazan el terrorismo y los terroristas, inclusive los del Frente de al-Nousra.<\/p>\n<p>Asimismo destac\u00f3 la necesidad de una cooperaci\u00f3n en la lucha contra el terrorismo sin condiciones previas,<\/p>\n<p>\u00a8Habr\u00e1 repercusiones peligrosas y catastr\u00f3ficas en la regi\u00f3n y el mundo, especialmente en Europa en caso de tener \u00e9xito los planes tramados contra Siria\u00a8, enfatiz\u00f3 la portavoz de la canciller\u00eda.<\/p>\n<p>Y sobre la visita del secretario de Estado de EEUU a Rusia, la vocera rusa dijo que \u201ces prematuro hablar de las sugerencias que iba a plantear el funcionario estadounidense respecto a la soluci\u00f3n de la crisis siria\u201d.<\/p>\n<p>Lynn A.<\/p>\n","protected":false},"excerpt":{"rendered":"<p>Mosc\u00fa, SANA La portavoz de la Canciller\u00eda rusa, Mar\u00eda Zaj\u00e1rova declar\u00f3 este jueves que varios grupos de la \u201coposici\u00f3n moderada\u201d en Siria est\u00e1n trabajando en conjunto con los terroristas, reiterando llamados de su pa\u00eds para diferenciar entre la oposici\u00f3n y los grupos terroristas del Frente de al-Nousra. Durante su rueda de prensa semanal, Zaj\u00e1rova dijo &hellip;<\/p>\n","protected":false},"author":24,"featured_media":38759,"comment_status":"closed","ping_status":"closed","sticky":false,"template":"","format":"standard","meta":{"footnotes":""},"categories":[467,7541],"tags":[],"class_list":["post-47098","post","type-post","status-publish","format-standard","has-post-thumbnail","","category-siria-y-el-mundo","category-ultimas-noticias"],"_links":{"self":[{"href":"https:\/\/archive.sana.sy\/es\/index.php?rest_route=\/wp\/v2\/posts\/47098"}],"collection":[{"href":"https:\/\/archive.sana.sy\/es\/index.php?rest_route=\/wp\/v2\/posts"}],"about":[{"href":"https:\/\/archive.sana.sy\/es\/index.php?rest_route=\/wp\/v2\/types\/post"}],"author":[{"embeddable":true,"href":"https:\/\/archive.sana.sy\/es\/index.php?rest_route=\/wp\/v2\/users\/24"}],"replies":[{"embeddable":true,"href":"https:\/\/archive.sana.sy\/es\/index.php?rest_route=%2Fwp%2Fv2%2Fcomments&post=47098"}],"version-history":[{"count":0,"href":"https:\/\/archive.sana.sy\/es\/index.php?rest_route=\/wp\/v2\/posts\/47098\/revisions"}],"wp:featuredmedia":[{"embeddable":true,"href":"https:\/\/archive.sana.sy\/es\/index.php?rest_route=\/wp\/v2\/media\/38759"}],"wp:attachment":[{"href":"https:\/\/archive.sana.sy\/es\/index.php?rest_route=%2Fwp%2Fv2%2Fmedia&parent=47098"}],"wp:term":[{"taxonomy":"category","embeddable":true,"href":"https:\/\/archive.sana.sy\/es\/index.php?rest_route=%2Fwp%2Fv2%2Fcategories&post=47098"},{"taxonomy":"post_tag","embeddable":true,"href":"https:\/\/archive.sana.sy\/es\/index.php?rest_route=%2Fwp%2Fv2%2Ftags&post=47098"}],"curies":[{"name":"wp","href":"https:\/\/api.w.org\/{rel}","templated":true}]}}