{"id":47116,"date":"2016-07-15T13:58:15","date_gmt":"2016-07-15T10:58:15","guid":{"rendered":"http:\/\/www.sana.sy\/es\/?p=47116"},"modified":"2016-07-15T16:08:07","modified_gmt":"2016-07-15T13:08:07","slug":"siria-afirma-que-no-tiene-la-intencion-de-volver-a-la-liga-arabe","status":"publish","type":"post","link":"https:\/\/archive.sana.sy\/es\/?p=47116","title":{"rendered":"Siria afirma que no tiene la intenci\u00f3n de volver a la Liga \u00c1rabe"},"content":{"rendered":"<p style=\"text-align: justify\"><span style=\"color: #800000\">Damasco, SANA<\/span>&#8211; El Ministerio de Asuntos Exteriores y Expatriados confirm\u00f3 el viernes que Siria no present\u00f3 ninguna solicitud para devolver a su esca\u00f1o en la Liga \u00c1rabe.<\/p>\n<p style=\"text-align: justify\">La confirmaci\u00f3n se expres\u00f3 en un comunicado por una fuente oficial del Ministerio en respuesta a las declaraciones hechas por el Secretario General de la Liga \u00c1rabe, Ahmed Aboul-Gheit, en la que dijo que Siria s\u00f3lo puede recuperar su pertenencia a la Liga \u00c1rabe a trav\u00e9s de un consenso entre el gobierno y la oposici\u00f3n, agregando que la cuesti\u00f3n siria es muy complicada y dificultosa.<\/p>\n<p style=\"text-align: justify\">Aboul-Gheit tambi\u00e9n dijo que Siria no puede participar en la Cumbre \u00c1rabe en Nuakchot que se celebrar\u00e1 el 25-26 de julio.<\/p>\n<p style=\"text-align: justify\">La fuente del Ministerio de Asuntos Exteriores y Expatriados manifest\u00f3 que la Liga \u00c1rabe es responsable de lo que ha ocurrido en Libia, ya que empuj\u00f3 para golpear el pa\u00eds \u00e1rabe y m\u00e1s tarde para la profundizaci\u00f3n de la crisis en Siria y la obstaculizaci\u00f3n de \u00a0los esfuerzos para resolver la crisis, y bajo la influencia de algunos estados miembros dominantes, la liga \u00c1rabe tom\u00f3 una posici\u00f3n dudosa hacia Siria.<\/p>\n<p style=\"text-align: justify\">Siria reafirma que &#8220;ni siquiera est\u00e1 pensando en volver de nuevo a la Liga \u00c1rabe, mientras que esta \u00faltima sigue siendo sujeto reh\u00e9n\u00a0\u00a0de algunos\u00a0\u00a0pa\u00edses conocidos por haber conspirado contra Siria y que son responsables del estado de la fragmentaci\u00f3n, \u00a0debilidad y \u00a0divisi\u00f3n del mundo \u00e1rabe, lo que ha hecho que la Liga est\u00e9\u00a0\u00a0muy lejos de los objetivos de su carta de fundaci\u00f3n, &#8220;aclar\u00f3 la fuente.<\/p>\n<p>M Miri.<\/p>\n","protected":false},"excerpt":{"rendered":"<p>Damasco, SANA&#8211; El Ministerio de Asuntos Exteriores y Expatriados confirm\u00f3 el viernes que Siria no present\u00f3 ninguna solicitud para devolver a su esca\u00f1o en la Liga \u00c1rabe. La confirmaci\u00f3n se expres\u00f3 en un comunicado por una fuente oficial del Ministerio en respuesta a las declaraciones hechas por el Secretario General de la Liga \u00c1rabe, Ahmed &hellip;<\/p>\n","protected":false},"author":1,"featured_media":47117,"comment_status":"closed","ping_status":"closed","sticky":false,"template":"","format":"standard","meta":{"footnotes":""},"categories":[477,476,583,7541],"tags":[6472,6553],"class_list":["post-47116","post","type-post","status-publish","format-standard","has-post-thumbnail","","category-noticias-edulcorantes","category-locales","category-slide","category-ultimas-noticias","tag-nuestro-apoyo-a-siria-es-un-deber","tag-siria"],"_links":{"self":[{"href":"https:\/\/archive.sana.sy\/es\/index.php?rest_route=\/wp\/v2\/posts\/47116"}],"collection":[{"href":"https:\/\/archive.sana.sy\/es\/index.php?rest_route=\/wp\/v2\/posts"}],"about":[{"href":"https:\/\/archive.sana.sy\/es\/index.php?rest_route=\/wp\/v2\/types\/post"}],"author":[{"embeddable":true,"href":"https:\/\/archive.sana.sy\/es\/index.php?rest_route=\/wp\/v2\/users\/1"}],"replies":[{"embeddable":true,"href":"https:\/\/archive.sana.sy\/es\/index.php?rest_route=%2Fwp%2Fv2%2Fcomments&post=47116"}],"version-history":[{"count":0,"href":"https:\/\/archive.sana.sy\/es\/index.php?rest_route=\/wp\/v2\/posts\/47116\/revisions"}],"wp:featuredmedia":[{"embeddable":true,"href":"https:\/\/archive.sana.sy\/es\/index.php?rest_route=\/wp\/v2\/media\/47117"}],"wp:attachment":[{"href":"https:\/\/archive.sana.sy\/es\/index.php?rest_route=%2Fwp%2Fv2%2Fmedia&parent=47116"}],"wp:term":[{"taxonomy":"category","embeddable":true,"href":"https:\/\/archive.sana.sy\/es\/index.php?rest_route=%2Fwp%2Fv2%2Fcategories&post=47116"},{"taxonomy":"post_tag","embeddable":true,"href":"https:\/\/archive.sana.sy\/es\/index.php?rest_route=%2Fwp%2Fv2%2Ftags&post=47116"}],"curies":[{"name":"wp","href":"https:\/\/api.w.org\/{rel}","templated":true}]}}