{"id":47125,"date":"2016-07-15T14:43:01","date_gmt":"2016-07-15T11:43:01","guid":{"rendered":"http:\/\/www.sana.sy\/es\/?p=47125"},"modified":"2016-07-15T17:00:14","modified_gmt":"2016-07-15T14:00:14","slug":"dos-muertos-en-ataques-terroristas-contra-la-provincia-de-sweida","status":"publish","type":"post","link":"https:\/\/archive.sana.sy\/es\/?p=47125","title":{"rendered":"Dos muertos en ataques terroristas contra la provincia de Sweida"},"content":{"rendered":"<p style=\"text-align: justify\"><span style=\"color: #800000\">Sweida, SANA<\/span>&#8211; Dos civiles cayeron m\u00e1rtires, entre ellos una mujer, y otros resultaron heridos como consecuencia de ataques terroristas con misiles contra los pueblos de al-Meyemar y Bard en el campo de Sweida.<\/p>\n<p style=\"text-align: justify\">Una fuente del Mando de la Polic\u00eda de Sweida dijo que &#8220;grupos terroristas extendidos en Busra al-Sham y Jmaren lanzaron esta ma\u00f1ana 9 conchas contra las aldeas de al-Meyemar y Bard, situadas en el campo noroeste de la urbe.<\/p>\n<p style=\"text-align: justify\">La fuente indic\u00f3 que el ataque terrorista caus\u00f3 la muerte de una persona en el pueblo de pueblo al-Meyemar y la muerte de una mujer en Bard, adem\u00e1s herir a otros siete civiles, uno de ellos se encuentra en un estado cr\u00edtico.<\/p>\n<p style=\"text-align: justify\"><a href=\"http:\/\/www.sana.sy\/es\/?attachment_id=47150\" rel=\"attachment wp-att-47150\"><img loading=\"lazy\" decoding=\"async\" class=\"alignnone size-medium wp-image-47150\" src=\"http:\/\/www.sana.sy\/es\/wp-content\/uploads\/2016\/07\/sweida-2-300x168.jpg\" alt=\"sweida 2\" width=\"300\" height=\"168\" srcset=\"https:\/\/archive.sana.sy\/es\/wp-content\/uploads\/2016\/07\/sweida-2.jpg 300w, https:\/\/archive.sana.sy\/es\/wp-content\/uploads\/2016\/07\/sweida-2-150x84.jpg 150w\" sizes=\"(max-width: 300px) 100vw, 300px\" \/><\/a><\/p>\n<p style=\"text-align: justify\">En el mismo contexto, una unidad militar frustr\u00f3 esta ma\u00f1ana un ataque de grupos terrorista contra posiciones militares en los pueblos de al-Meyemar y Bard, matando a nueve terroristas, por lo menos.<\/p>\n<p>M Miri.<\/p>\n","protected":false},"excerpt":{"rendered":"<p>Sweida, SANA&#8211; Dos civiles cayeron m\u00e1rtires, entre ellos una mujer, y otros resultaron heridos como consecuencia de ataques terroristas con misiles contra los pueblos de al-Meyemar y Bard en el campo de Sweida. Una fuente del Mando de la Polic\u00eda de Sweida dijo que &#8220;grupos terroristas extendidos en Busra al-Sham y Jmaren lanzaron esta ma\u00f1ana &hellip;<\/p>\n","protected":false},"author":1,"featured_media":47149,"comment_status":"closed","ping_status":"closed","sticky":false,"template":"","format":"standard","meta":{"footnotes":""},"categories":[477,476,7541],"tags":[8723],"class_list":["post-47125","post","type-post","status-publish","format-standard","has-post-thumbnail","","category-noticias-edulcorantes","category-locales","category-ultimas-noticias","tag-sweida"],"_links":{"self":[{"href":"https:\/\/archive.sana.sy\/es\/index.php?rest_route=\/wp\/v2\/posts\/47125"}],"collection":[{"href":"https:\/\/archive.sana.sy\/es\/index.php?rest_route=\/wp\/v2\/posts"}],"about":[{"href":"https:\/\/archive.sana.sy\/es\/index.php?rest_route=\/wp\/v2\/types\/post"}],"author":[{"embeddable":true,"href":"https:\/\/archive.sana.sy\/es\/index.php?rest_route=\/wp\/v2\/users\/1"}],"replies":[{"embeddable":true,"href":"https:\/\/archive.sana.sy\/es\/index.php?rest_route=%2Fwp%2Fv2%2Fcomments&post=47125"}],"version-history":[{"count":0,"href":"https:\/\/archive.sana.sy\/es\/index.php?rest_route=\/wp\/v2\/posts\/47125\/revisions"}],"wp:featuredmedia":[{"embeddable":true,"href":"https:\/\/archive.sana.sy\/es\/index.php?rest_route=\/wp\/v2\/media\/47149"}],"wp:attachment":[{"href":"https:\/\/archive.sana.sy\/es\/index.php?rest_route=%2Fwp%2Fv2%2Fmedia&parent=47125"}],"wp:term":[{"taxonomy":"category","embeddable":true,"href":"https:\/\/archive.sana.sy\/es\/index.php?rest_route=%2Fwp%2Fv2%2Fcategories&post=47125"},{"taxonomy":"post_tag","embeddable":true,"href":"https:\/\/archive.sana.sy\/es\/index.php?rest_route=%2Fwp%2Fv2%2Ftags&post=47125"}],"curies":[{"name":"wp","href":"https:\/\/api.w.org\/{rel}","templated":true}]}}