{"id":47221,"date":"2016-07-16T17:36:50","date_gmt":"2016-07-16T14:36:50","guid":{"rendered":"http:\/\/www.sana.sy\/es\/?p=47221"},"modified":"2016-07-16T17:41:19","modified_gmt":"2016-07-16T14:41:19","slug":"ibrahim-y-al-eshi-prestan-juramento-ante-el-presidente-al-assad-como-nuevos-gobernadores-de-damasco-campo-y-swaida","status":"publish","type":"post","link":"https:\/\/archive.sana.sy\/es\/?p=47221","title":{"rendered":"Ibrahim y al-Eshi prestan juramento ante el presidente al-Assad como nuevos gobernadores de Damasco-campo y Swaida"},"content":{"rendered":"<p><span style=\"color: #800000\">Damasco, SANA<\/span><\/p>\n<p>Ante el presidente Bashar al-Assad, los se\u00f1ores Alaa Munir Ibrahim y Amer Ibrahim al-Eshi prestaron juramento este s\u00e1bado como gobernadores de Damasco-campo y Swaida respectivamente.<\/p>\n<p>Acto seguido, el presidente al-Assad se reuni\u00f3 por separado con los dos nuevos gobernadores y les dese\u00f3 todo \u00e9xito en sus misiones futuras.<\/p>\n<div id='gallery-1' class='gallery galleryid-47221 gallery-columns-3 gallery-size-thumbnail'><figure class='gallery-item'>\n\t\t\t<div class='gallery-icon landscape'>\n\t\t\t\t<a href='https:\/\/archive.sana.sy\/es\/wp-content\/uploads\/2016\/07\/Munir-presta-juramento-ante-el-presidente-al-Assad-1.jpg'><img loading=\"lazy\" decoding=\"async\" width=\"150\" height=\"101\" src=\"https:\/\/archive.sana.sy\/es\/wp-content\/uploads\/2016\/07\/Munir-presta-juramento-ante-el-presidente-al-Assad-1-150x101.jpg\" class=\"attachment-thumbnail size-thumbnail\" alt=\"\" srcset=\"https:\/\/archive.sana.sy\/es\/wp-content\/uploads\/2016\/07\/Munir-presta-juramento-ante-el-presidente-al-Assad-1-150x101.jpg 150w, https:\/\/archive.sana.sy\/es\/wp-content\/uploads\/2016\/07\/Munir-presta-juramento-ante-el-presidente-al-Assad-1-300x201.jpg 300w, https:\/\/archive.sana.sy\/es\/wp-content\/uploads\/2016\/07\/Munir-presta-juramento-ante-el-presidente-al-Assad-1-768x515.jpg 768w, https:\/\/archive.sana.sy\/es\/wp-content\/uploads\/2016\/07\/Munir-presta-juramento-ante-el-presidente-al-Assad-1-1024x686.jpg 1024w, https:\/\/archive.sana.sy\/es\/wp-content\/uploads\/2016\/07\/Munir-presta-juramento-ante-el-presidente-al-Assad-1-110x75.jpg 110w\" sizes=\"(max-width: 150px) 100vw, 150px\" \/><\/a>\n\t\t\t<\/div><\/figure><figure class='gallery-item'>\n\t\t\t<div class='gallery-icon landscape'>\n\t\t\t\t<a href='https:\/\/archive.sana.sy\/es\/wp-content\/uploads\/2016\/07\/Munir-presta-juramento-ante-el-presidente-al-Assad.jpg'><img loading=\"lazy\" decoding=\"async\" width=\"150\" height=\"104\" src=\"https:\/\/archive.sana.sy\/es\/wp-content\/uploads\/2016\/07\/Munir-presta-juramento-ante-el-presidente-al-Assad-150x104.jpg\" class=\"attachment-thumbnail size-thumbnail\" alt=\"\" srcset=\"https:\/\/archive.sana.sy\/es\/wp-content\/uploads\/2016\/07\/Munir-presta-juramento-ante-el-presidente-al-Assad-150x104.jpg 150w, https:\/\/archive.sana.sy\/es\/wp-content\/uploads\/2016\/07\/Munir-presta-juramento-ante-el-presidente-al-Assad-300x207.jpg 300w, https:\/\/archive.sana.sy\/es\/wp-content\/uploads\/2016\/07\/Munir-presta-juramento-ante-el-presidente-al-Assad-768x530.jpg 768w, https:\/\/archive.sana.sy\/es\/wp-content\/uploads\/2016\/07\/Munir-presta-juramento-ante-el-presidente-al-Assad-1024x707.jpg 1024w, https:\/\/archive.sana.sy\/es\/wp-content\/uploads\/2016\/07\/Munir-presta-juramento-ante-el-presidente-al-Assad-110x75.jpg 110w\" sizes=\"(max-width: 150px) 100vw, 150px\" \/><\/a>\n\t\t\t<\/div><\/figure><figure class='gallery-item'>\n\t\t\t<div class='gallery-icon landscape'>\n\t\t\t\t<a href='https:\/\/archive.sana.sy\/es\/wp-content\/uploads\/2016\/07\/Al-Eshi-presta-juramento-ante-el-presidente-al-Assad-e1468672758929.jpg'><img loading=\"lazy\" decoding=\"async\" width=\"150\" height=\"104\" src=\"https:\/\/archive.sana.sy\/es\/wp-content\/uploads\/2016\/07\/Al-Eshi-presta-juramento-ante-el-presidente-al-Assad-150x104.jpg\" class=\"attachment-thumbnail size-thumbnail\" alt=\"\" srcset=\"https:\/\/archive.sana.sy\/es\/wp-content\/uploads\/2016\/07\/Al-Eshi-presta-juramento-ante-el-presidente-al-Assad-150x104.jpg 150w, https:\/\/archive.sana.sy\/es\/wp-content\/uploads\/2016\/07\/Al-Eshi-presta-juramento-ante-el-presidente-al-Assad-300x208.jpg 300w, https:\/\/archive.sana.sy\/es\/wp-content\/uploads\/2016\/07\/Al-Eshi-presta-juramento-ante-el-presidente-al-Assad-768x532.jpg 768w, https:\/\/archive.sana.sy\/es\/wp-content\/uploads\/2016\/07\/Al-Eshi-presta-juramento-ante-el-presidente-al-Assad-1024x709.jpg 1024w, https:\/\/archive.sana.sy\/es\/wp-content\/uploads\/2016\/07\/Al-Eshi-presta-juramento-ante-el-presidente-al-Assad-110x75.jpg 110w, https:\/\/archive.sana.sy\/es\/wp-content\/uploads\/2016\/07\/Al-Eshi-presta-juramento-ante-el-presidente-al-Assad-e1468672758929.jpg 660w\" sizes=\"(max-width: 150px) 100vw, 150px\" \/><\/a>\n\t\t\t<\/div><\/figure><figure class='gallery-item'>\n\t\t\t<div class='gallery-icon landscape'>\n\t\t\t\t<a href='https:\/\/archive.sana.sy\/es\/wp-content\/uploads\/2016\/07\/Al-Eshi-presta-juramento-ante-el-presidente-al-Assad-1.jpg'><img loading=\"lazy\" decoding=\"async\" width=\"150\" height=\"100\" src=\"https:\/\/archive.sana.sy\/es\/wp-content\/uploads\/2016\/07\/Al-Eshi-presta-juramento-ante-el-presidente-al-Assad-1-150x100.jpg\" class=\"attachment-thumbnail size-thumbnail\" alt=\"\" srcset=\"https:\/\/archive.sana.sy\/es\/wp-content\/uploads\/2016\/07\/Al-Eshi-presta-juramento-ante-el-presidente-al-Assad-1-150x100.jpg 150w, https:\/\/archive.sana.sy\/es\/wp-content\/uploads\/2016\/07\/Al-Eshi-presta-juramento-ante-el-presidente-al-Assad-1-300x199.jpg 300w, https:\/\/archive.sana.sy\/es\/wp-content\/uploads\/2016\/07\/Al-Eshi-presta-juramento-ante-el-presidente-al-Assad-1-768x511.jpg 768w, https:\/\/archive.sana.sy\/es\/wp-content\/uploads\/2016\/07\/Al-Eshi-presta-juramento-ante-el-presidente-al-Assad-1-1024x681.jpg 1024w, https:\/\/archive.sana.sy\/es\/wp-content\/uploads\/2016\/07\/Al-Eshi-presta-juramento-ante-el-presidente-al-Assad-1-310x205.jpg 310w\" sizes=\"(max-width: 150px) 100vw, 150px\" \/><\/a>\n\t\t\t<\/div><\/figure>\n\t\t<\/div>\n\nLynn A.<\/p>\n","protected":false},"excerpt":{"rendered":"<p>Damasco, SANA Ante el presidente Bashar al-Assad, los se\u00f1ores Alaa Munir Ibrahim y Amer Ibrahim al-Eshi prestaron juramento este s\u00e1bado como gobernadores de Damasco-campo y Swaida respectivamente. Acto seguido, el presidente al-Assad se reuni\u00f3 por separado con los dos nuevos gobernadores y les dese\u00f3 todo \u00e9xito en sus misiones futuras. Lynn A.<\/p>\n","protected":false},"author":24,"featured_media":47228,"comment_status":"closed","ping_status":"closed","sticky":false,"template":"","format":"standard","meta":{"footnotes":""},"categories":[597,583,626],"tags":[],"class_list":["post-47221","post","type-post","status-publish","format-standard","has-post-thumbnail","","category-cinta-de-noticias","category-slide","category-sr-presidente"],"_links":{"self":[{"href":"https:\/\/archive.sana.sy\/es\/index.php?rest_route=\/wp\/v2\/posts\/47221"}],"collection":[{"href":"https:\/\/archive.sana.sy\/es\/index.php?rest_route=\/wp\/v2\/posts"}],"about":[{"href":"https:\/\/archive.sana.sy\/es\/index.php?rest_route=\/wp\/v2\/types\/post"}],"author":[{"embeddable":true,"href":"https:\/\/archive.sana.sy\/es\/index.php?rest_route=\/wp\/v2\/users\/24"}],"replies":[{"embeddable":true,"href":"https:\/\/archive.sana.sy\/es\/index.php?rest_route=%2Fwp%2Fv2%2Fcomments&post=47221"}],"version-history":[{"count":0,"href":"https:\/\/archive.sana.sy\/es\/index.php?rest_route=\/wp\/v2\/posts\/47221\/revisions"}],"wp:featuredmedia":[{"embeddable":true,"href":"https:\/\/archive.sana.sy\/es\/index.php?rest_route=\/wp\/v2\/media\/47228"}],"wp:attachment":[{"href":"https:\/\/archive.sana.sy\/es\/index.php?rest_route=%2Fwp%2Fv2%2Fmedia&parent=47221"}],"wp:term":[{"taxonomy":"category","embeddable":true,"href":"https:\/\/archive.sana.sy\/es\/index.php?rest_route=%2Fwp%2Fv2%2Fcategories&post=47221"},{"taxonomy":"post_tag","embeddable":true,"href":"https:\/\/archive.sana.sy\/es\/index.php?rest_route=%2Fwp%2Fv2%2Ftags&post=47221"}],"curies":[{"name":"wp","href":"https:\/\/api.w.org\/{rel}","templated":true}]}}