{"id":47252,"date":"2016-07-17T20:32:14","date_gmt":"2016-07-17T17:32:14","guid":{"rendered":"http:\/\/sana.sy\/es\/?p=47252"},"modified":"2016-07-17T22:31:16","modified_gmt":"2016-07-17T19:31:16","slug":"el-primer-ministro-aborda-con-el-embajador-chino-desarrollar-la-colaboracion-bilateral-en-los-ambitos-economicos-y-comerciales","status":"publish","type":"post","link":"https:\/\/archive.sana.sy\/es\/?p=47252","title":{"rendered":"El primer ministro aborda con el embajador chino la colaboraci\u00f3n bilateral en los \u00e1mbitos econ\u00f3micos y comerciales"},"content":{"rendered":"<p><span style=\"color: #800000;\">Damasco- SANA<\/span><\/p>\n<p style=\"text-align: justify;\">El primer ministro, Imad Khamis, abord\u00f3 con el embajador chino en Damasco, Wang Kejian, reforzar la colaboraci\u00f3n en los \u00e1mbitos econ\u00f3micos y elevarla al nivel de las relaciones pol\u00edticas, en beneficio a los dos pa\u00edses.<\/p>\n<p style=\"text-align: justify;\">Durante la reuni\u00f3n, se debati\u00f3 el desarrollo de las oportunidades de la mutua colaboraci\u00f3n en los \u00e1mbitos econ\u00f3micos y comerciales, y activar nuevos mecanismos, mediante proporcionar las herramientas y los equipamientos necesarios para todos los sectores, adem\u00e1s de activar las inversiones chinas en la fase de reconstrucci\u00f3n.<\/p>\n<p>El primer ministro expres\u00f3 el agradecimiento y el aprecio del gobierno sirio hacia la Rep\u00fablica China por su continuo apoyo al pueblo sirio, en el Consejo de Seguridad y los foros internacionales, adem\u00e1s de los esfuerzos del embajador chino en reforzar y mejorar las relaciones bilaterales, sobre todo su rol en respaldar el sector de energ\u00eda el\u00e9ctrica y desarrollar los mecanismo de trabajo.<\/p>\n<p style=\"text-align: justify;\">Por su parte, el embajador chino felicit\u00f3, en nombre del gobierno de su pa\u00eds, al primer ministro, Imad Khamis, por el nuevo cargo, y expres\u00f3 el benepl\u00e1cito del gobierno chino por las facilidades otorgadas por el gobierno sirio a las empresas chinas y los pa\u00edses amigos para la fase de reconstrucci\u00f3n.<\/p>\n<p>Akram. S<\/p>\n","protected":false},"excerpt":{"rendered":"<p>Damasco- SANA El primer ministro, Imad Khamis, abord\u00f3 con el embajador chino en Damasco, Wang Kejian, reforzar la colaboraci\u00f3n en los \u00e1mbitos econ\u00f3micos y elevarla al nivel de las relaciones pol\u00edticas, en beneficio a los dos pa\u00edses. Durante la reuni\u00f3n, se debati\u00f3 el desarrollo de las oportunidades de la mutua colaboraci\u00f3n en los \u00e1mbitos econ\u00f3micos &hellip;<\/p>\n","protected":false},"author":1,"featured_media":47253,"comment_status":"closed","ping_status":"closed","sticky":false,"template":"","format":"standard","meta":{"footnotes":""},"categories":[597,576,583,7541],"tags":[],"class_list":["post-47252","post","type-post","status-publish","format-standard","has-post-thumbnail","","category-cinta-de-noticias","category-noticias-politicas","category-slide","category-ultimas-noticias"],"_links":{"self":[{"href":"https:\/\/archive.sana.sy\/es\/index.php?rest_route=\/wp\/v2\/posts\/47252"}],"collection":[{"href":"https:\/\/archive.sana.sy\/es\/index.php?rest_route=\/wp\/v2\/posts"}],"about":[{"href":"https:\/\/archive.sana.sy\/es\/index.php?rest_route=\/wp\/v2\/types\/post"}],"author":[{"embeddable":true,"href":"https:\/\/archive.sana.sy\/es\/index.php?rest_route=\/wp\/v2\/users\/1"}],"replies":[{"embeddable":true,"href":"https:\/\/archive.sana.sy\/es\/index.php?rest_route=%2Fwp%2Fv2%2Fcomments&post=47252"}],"version-history":[{"count":0,"href":"https:\/\/archive.sana.sy\/es\/index.php?rest_route=\/wp\/v2\/posts\/47252\/revisions"}],"wp:featuredmedia":[{"embeddable":true,"href":"https:\/\/archive.sana.sy\/es\/index.php?rest_route=\/wp\/v2\/media\/47253"}],"wp:attachment":[{"href":"https:\/\/archive.sana.sy\/es\/index.php?rest_route=%2Fwp%2Fv2%2Fmedia&parent=47252"}],"wp:term":[{"taxonomy":"category","embeddable":true,"href":"https:\/\/archive.sana.sy\/es\/index.php?rest_route=%2Fwp%2Fv2%2Fcategories&post=47252"},{"taxonomy":"post_tag","embeddable":true,"href":"https:\/\/archive.sana.sy\/es\/index.php?rest_route=%2Fwp%2Fv2%2Ftags&post=47252"}],"curies":[{"name":"wp","href":"https:\/\/api.w.org\/{rel}","templated":true}]}}