{"id":47256,"date":"2016-07-17T21:51:26","date_gmt":"2016-07-17T18:51:26","guid":{"rendered":"http:\/\/sana.sy\/es\/?p=47256"},"modified":"2016-07-17T21:53:55","modified_gmt":"2016-07-17T18:53:55","slug":"enfrentamientos-en-las-inmediaciones-del-aeropuerto-de-sabiha-en-estambul-y-las-fuerzas-de-seguridad-del-regimen-turco-inician-detenciones-masivas","status":"publish","type":"post","link":"https:\/\/archive.sana.sy\/es\/?p=47256","title":{"rendered":"Enfrentamientos en las inmediaciones del Aeropuerto de Sabiha en Estambul y fuerzas de seguridad inician detenciones masivas"},"content":{"rendered":"<p><span style=\"color: #800000;\">Ankara-SANA<\/span><\/p>\n<p style=\"text-align: justify;\">Las fuerzas de seguridad del R\u00e9gimen Turco iniciaron una campa\u00f1a de detenciones masivas con disparos de advertencia, cerca del aeropuerto de Sabiha en Estambul, y se enfrentaron con los golpistas en una base a\u00e9rea en \u00a0Konya, en el centro de Turqu\u00eda, seg\u00fan inform\u00f3 un alto funcionario del R\u00e9gimen Turco a Reuters.<\/p>\n<p style=\"text-align: justify;\">Varios responsables Europeos, entre ellos los ministros de Exteriores de Francia y de Austria, advirtieron al R\u00e9gimen de Erdogan por no aprovechar los incidentes en Turqu\u00eda para tomar medidas arbitrarias.<\/p>\n<p>\u201cEl jefe de la Gendarmer\u00eda est\u00e1 retenido junto al Comandante de las Incursiones A\u00e9reas, Mustafa Arturk, y otros 7 trabajadores en el Comando de la base a\u00e9rea de Konya\u201d, informaron medios de comunicaci\u00f3n turcos.<\/p>\n<p style=\"text-align: justify;\">Anteriormente, las autoridad del R\u00e9gimen Turco arrestaron al consejero de Erdogan para los asuntos militares, Ali Yazayi, bajo el pretexto de su implicaci\u00f3n en el intento de golpe de Estado.<\/p>\n<p>El n\u00famero de los detenidos se estima, hasta el d\u00eda de hoy, en seis mil arrestados.<\/p>\n<p>Akram. S<\/p>\n","protected":false},"excerpt":{"rendered":"<p>Ankara-SANA Las fuerzas de seguridad del R\u00e9gimen Turco iniciaron una campa\u00f1a de detenciones masivas con disparos de advertencia, cerca del aeropuerto de Sabiha en Estambul, y se enfrentaron con los golpistas en una base a\u00e9rea en \u00a0Konya, en el centro de Turqu\u00eda, seg\u00fan inform\u00f3 un alto funcionario del R\u00e9gimen Turco a Reuters. Varios responsables Europeos, &hellip;<\/p>\n","protected":false},"author":1,"featured_media":47257,"comment_status":"closed","ping_status":"closed","sticky":false,"template":"","format":"standard","meta":{"footnotes":""},"categories":[597,456,7541],"tags":[],"class_list":["post-47256","post","type-post","status-publish","format-standard","has-post-thumbnail","","category-cinta-de-noticias","category-arabe-internacional-politica","category-ultimas-noticias"],"_links":{"self":[{"href":"https:\/\/archive.sana.sy\/es\/index.php?rest_route=\/wp\/v2\/posts\/47256"}],"collection":[{"href":"https:\/\/archive.sana.sy\/es\/index.php?rest_route=\/wp\/v2\/posts"}],"about":[{"href":"https:\/\/archive.sana.sy\/es\/index.php?rest_route=\/wp\/v2\/types\/post"}],"author":[{"embeddable":true,"href":"https:\/\/archive.sana.sy\/es\/index.php?rest_route=\/wp\/v2\/users\/1"}],"replies":[{"embeddable":true,"href":"https:\/\/archive.sana.sy\/es\/index.php?rest_route=%2Fwp%2Fv2%2Fcomments&post=47256"}],"version-history":[{"count":0,"href":"https:\/\/archive.sana.sy\/es\/index.php?rest_route=\/wp\/v2\/posts\/47256\/revisions"}],"wp:featuredmedia":[{"embeddable":true,"href":"https:\/\/archive.sana.sy\/es\/index.php?rest_route=\/wp\/v2\/media\/47257"}],"wp:attachment":[{"href":"https:\/\/archive.sana.sy\/es\/index.php?rest_route=%2Fwp%2Fv2%2Fmedia&parent=47256"}],"wp:term":[{"taxonomy":"category","embeddable":true,"href":"https:\/\/archive.sana.sy\/es\/index.php?rest_route=%2Fwp%2Fv2%2Fcategories&post=47256"},{"taxonomy":"post_tag","embeddable":true,"href":"https:\/\/archive.sana.sy\/es\/index.php?rest_route=%2Fwp%2Fv2%2Ftags&post=47256"}],"curies":[{"name":"wp","href":"https:\/\/api.w.org\/{rel}","templated":true}]}}