{"id":47273,"date":"2016-07-18T22:51:31","date_gmt":"2016-07-18T19:51:31","guid":{"rendered":"http:\/\/www.sana.sy\/es\/?p=47273"},"modified":"2016-07-18T22:54:55","modified_gmt":"2016-07-18T19:54:55","slug":"ejercito-elimina-a-ocho-terroristas-del-ei-en-alepo-y-les-destruye-seis-vehiculos-en-sweida","status":"publish","type":"post","link":"https:\/\/archive.sana.sy\/es\/?p=47273","title":{"rendered":"Ej\u00e9rcito elimina a ocho terroristas del EI en Alepo y les destruye seis veh\u00edculos en Sweida"},"content":{"rendered":"<p style=\"text-align: justify;\"><span style=\"color: #800000;\">Provincias, SANA<\/span><\/p>\n<p style=\"text-align: justify;\">Una fuente militar ha informado\u00a0este lunes que una unidad del ej\u00e9rcito elimin\u00f3 a ocho terroristas del grupo takfir\u00ed Estado Isl\u00e1mico (EI) y les destruy\u00f3 un ca\u00f1\u00f3n y dos veh\u00edculos, en las inmediaciones de la Academia A\u00e9rea (aeropuerto militar de Kweres), en el campo este de Alepo.<\/p>\n<p>La\u00a0fuente militar ha anunciado tambi\u00e9n, que el ej\u00e9rcito ha liberado varios bloques residenciales de los terroristas en la zona de Lieramoun en Alepo.<\/p>\n<p>La fuente se\u00f1al\u00f3 que las fuerzas armadas, durante la ofensiva, infligieron colosales p\u00e9rdidas a los terroristas y agreg\u00f3 que sus unidades est\u00e1n dando caza a los remanentes de los terroristas en la zona.<\/p>\n<p style=\"text-align: justify;\"><span style=\"color: #0000ff;\">Deraa<\/span><\/p>\n<p style=\"text-align: justify;\">Otro operativo del Ej\u00e9rcito en la localidad de Bousra el Cham en la provincia de Deraa, dej\u00f3 muertos a todos los integrantes de un grupo de terroristas del Frente al Nousra.<\/p>\n<p>Por otro lado, una unidad del ej\u00e9rcito arras\u00f3 con un veh\u00edculo de la organizaci\u00f3n terrorista del frente Al-Nusra cerca de la frontera sirio-jordana.<\/p>\n<p>Mientras otras unidades destruyeron un cami\u00f3n cargado con armas y municiones, veh\u00edculos, una plataforma de lanzamisiles m\u00faltiples y una sede utilizado por los cabecillas de esta organizaci\u00f3n terrorista en la zona de la antigua aduana y Deraa Balad.<\/p>\n<p style=\"text-align: justify;\"><span style=\"color: #0000ff;\">Hama<\/span><\/p>\n<p style=\"text-align: justify;\">En el campo este de la provincia de Hama en el centro del pa\u00eds, la fuerza a\u00e9rea bombarde\u00f3 y destruy\u00f3 a veh\u00edculos y maquinaria b\u00e9lica de los terroristas del EI en las inmediaciones de los poblados de Tabarah Aldepeh y al Mafker.<\/p>\n<p style=\"text-align: justify;\"><span style=\"color: #0000ff;\">Sweida<\/span><\/p>\n<p style=\"text-align: justify;\">En el noreste de Sweida, las Fuerzas Armadas destruyeron a seis veh\u00edculos de los terroristas del EI en el poblado de Rayem al Dawlah.<\/p>\n<p><span style=\"color: #0000ff;\">Qunietra<\/span><\/p>\n<p>El ej\u00e9rcito, secundado por grupos de defensa popular, abort\u00f3 intentos de infiltraci\u00f3n de terroristas del frente Al-Nusra en el eje de Hmidieh-Samdanieh Gharbieh, campi\u00f1a de la provincia.<\/p>\n<p>Varios miembros del grupo terrorista cayeron entre muertos o heridos durante los enfrentamientos, adem\u00e1s de resultar con la destrucci\u00f3n de armas y municiones que estaban en su posesi\u00f3n, mientras otros se dieron a la fuga.<\/p>\n<p>En otro contexto, se produjeron feroces enfrentamientos entre el ej\u00e9rcito y terroristas del frente Al-Nusra que intentaron infiltrarse en puntos militares al sur de Tulul Hamer. Los choques terminaron con la muerte de un n\u00famero indeterminado de terroristas y la destrucci\u00f3n de sus pertrechos e\u00f3licos.<\/p>\n<p>&nbsp;<\/p>\n<p><span style=\"color: #0000ff;\">Alepo<\/span><\/p>\n<p>Unidades del Ej\u00e9rcito tomaron el control de varios edificios en la zona de Layram\u00fan, tras violentos enfrentamientos con los grupos terroristas, causando muertos y heridos en sus filas.<\/p>\n<p>El Ej\u00e9rcito llev\u00f3 a cabo una operaci\u00f3n especial contra agrupaciones de terroristas del EI en las inmediaciones de la Academia A\u00e9rea, en la campi\u00f1a oriental de Alepo, donde aniquil\u00f3 a 8 terroristas y destruy\u00f3 un ca\u00f1\u00f3n y dos veh\u00edculos para transportar armas y municiones.<\/p>\n<p>&nbsp;<\/p>\n<p style=\"text-align: justify;\"><span style=\"color: #0000ff;\">Fady M., Hala B.-Y.K. \u00a0Akram. S<\/span><\/p>\n","protected":false},"excerpt":{"rendered":"<p>Provincias, SANA Una fuente militar ha informado\u00a0este lunes que una unidad del ej\u00e9rcito elimin\u00f3 a ocho terroristas del grupo takfir\u00ed Estado Isl\u00e1mico (EI) y les destruy\u00f3 un ca\u00f1\u00f3n y dos veh\u00edculos, en las inmediaciones de la Academia A\u00e9rea (aeropuerto militar de Kweres), en el campo este de Alepo. La\u00a0fuente militar ha anunciado tambi\u00e9n, que el &hellip;<\/p>\n","protected":false},"author":1,"featured_media":47274,"comment_status":"closed","ping_status":"closed","sticky":false,"template":"","format":"standard","meta":{"footnotes":""},"categories":[573,583],"tags":[],"class_list":["post-47273","post","type-post","status-publish","format-standard","has-post-thumbnail","","category-la-realidad-de-los-acontecimientos-en-siria","category-slide"],"_links":{"self":[{"href":"https:\/\/archive.sana.sy\/es\/index.php?rest_route=\/wp\/v2\/posts\/47273"}],"collection":[{"href":"https:\/\/archive.sana.sy\/es\/index.php?rest_route=\/wp\/v2\/posts"}],"about":[{"href":"https:\/\/archive.sana.sy\/es\/index.php?rest_route=\/wp\/v2\/types\/post"}],"author":[{"embeddable":true,"href":"https:\/\/archive.sana.sy\/es\/index.php?rest_route=\/wp\/v2\/users\/1"}],"replies":[{"embeddable":true,"href":"https:\/\/archive.sana.sy\/es\/index.php?rest_route=%2Fwp%2Fv2%2Fcomments&post=47273"}],"version-history":[{"count":0,"href":"https:\/\/archive.sana.sy\/es\/index.php?rest_route=\/wp\/v2\/posts\/47273\/revisions"}],"wp:featuredmedia":[{"embeddable":true,"href":"https:\/\/archive.sana.sy\/es\/index.php?rest_route=\/wp\/v2\/media\/47274"}],"wp:attachment":[{"href":"https:\/\/archive.sana.sy\/es\/index.php?rest_route=%2Fwp%2Fv2%2Fmedia&parent=47273"}],"wp:term":[{"taxonomy":"category","embeddable":true,"href":"https:\/\/archive.sana.sy\/es\/index.php?rest_route=%2Fwp%2Fv2%2Fcategories&post=47273"},{"taxonomy":"post_tag","embeddable":true,"href":"https:\/\/archive.sana.sy\/es\/index.php?rest_route=%2Fwp%2Fv2%2Ftags&post=47273"}],"curies":[{"name":"wp","href":"https:\/\/api.w.org\/{rel}","templated":true}]}}