{"id":47305,"date":"2016-07-18T21:07:10","date_gmt":"2016-07-18T18:07:10","guid":{"rendered":"http:\/\/www.sana.sy\/es\/?p=47305"},"modified":"2016-07-18T21:07:10","modified_gmt":"2016-07-18T18:07:10","slug":"lavrov-la-situacion-actual-en-turquia-no-afecta-a-implementar-los-acuerdos-con-siria-sobre-la-lucha-contra-el-terrorismo","status":"publish","type":"post","link":"https:\/\/archive.sana.sy\/es\/?p=47305","title":{"rendered":"Lavrov: La situaci\u00f3n actual en Turqu\u00eda no afecta a implementar los acuerdos con Siria sobre la lucha contra el terrorismo"},"content":{"rendered":"<p><span style=\"color: #800000;\">Mosc\u00fa- SANA<\/span><\/p>\n<p>&nbsp;<\/p>\n<p style=\"text-align: justify;\">El ministro de Exteriores ruso, Serguei Lavrov, afirm\u00f3, durante una rueda de prensa con su hom\u00f3logo portugu\u00e9s Augusto Santos Silva, que la situaci\u00f3n actual en Turqu\u00eda, tras el golpe de Estado fallido, no afecta a implementar los acuerdos con Siria sobre la lucha conjunta contra el terrorismo.<\/p>\n<p style=\"text-align: justify;\">\u201cLos disturbios en la base a\u00e9rea de Incirlik no afecta a la operaci\u00f3n militar rusa contra el terrorismo en Siria, ya que las operaciones de las fuerza a\u00e9rea rusa vienen en el marco de un acuerdo firmado con Damasco y por una petici\u00f3n del gobierno sirio\u201d.<\/p>\n<p>Respecto a los incidentes en la base a\u00e9rea de Incirlik- donde se produjo una campa\u00f1a de arrestos en el Comando de dicha base-, Lavrov remarc\u00f3 la necesidad de aclarar todos los asuntos relacionados con la base a\u00e9rea, utilizada por la Coalici\u00f3n Internacional encabezada por EE.UU.<\/p>\n<p>Anteayer, \u00a0el Consulado de EE.UU en la ciudad de Adana, anunci\u00f3 que las autoridades turcas impusieron un cerco de seguridad sobre la base de Incirlik, donde se estacionan aviones de Estados Unidos y de otros pa\u00edses, e impidi\u00f3 el acceso y cort\u00f3 la corriente el\u00e9ctrica.<\/p>\n<p>El canciller ruso subray\u00f3 la importancia de intensificar los esfuerzos de la comunidad internacional para solucionar la crisis en Siria y Libia, y combatir a los grupos terroristas de Daesh y el Frente de Al Nusra. Y manifest\u00f3 que su pa\u00eds mostr\u00f3 su disposici\u00f3n, en la reuni\u00f3n del Consejo de Rusia y de la OTAN, a colaborar respecto a los problemas relacionados con la seguridad en Europa, y a la lucha contra el terrorismo.<\/p>\n<p>En cuanto a los incidentes en Turqu\u00eda, el Canciller ruso llam\u00f3 al R\u00e9gimen de Erdogan a solucionar todos los problemas provocados en el pa\u00eds por el golpe de estado fallido, teniendo en cuenta una estricta aplicaci\u00f3n de la Constituci\u00f3n turca.<\/p>\n<p style=\"text-align: justify;\">Por su parte, el ministro de Exteriores portugu\u00e9s se\u00f1al\u00f3 la necesidad de cooperaci\u00f3n en la lucha contra el terrorismo y en erradicarlo.<\/p>\n<p style=\"text-align: justify;\">\u201cPortugal defiende, en todos los foros internacionales y europeos, la idea de profundizar el di\u00e1logo con Rusia para enfrentarse a los peligros comunes, sobre todo al terrorismo\u201d, dijo Silva.<\/p>\n<p>Y a\u00f1adi\u00f3 que la responsabilidad es de todos en erradicar al terrorismo, y esto requiere resoluciones pol\u00edticas para instaurar la estabilidad en todas las zonas azotadas por el terrorismo.<\/p>\n<p>&nbsp;<br \/>\nAkram. S<\/p>\n","protected":false},"excerpt":{"rendered":"<p>Mosc\u00fa- SANA &nbsp; El ministro de Exteriores ruso, Serguei Lavrov, afirm\u00f3, durante una rueda de prensa con su hom\u00f3logo portugu\u00e9s Augusto Santos Silva, que la situaci\u00f3n actual en Turqu\u00eda, tras el golpe de Estado fallido, no afecta a implementar los acuerdos con Siria sobre la lucha conjunta contra el terrorismo. \u201cLos disturbios en la base &hellip;<\/p>\n","protected":false},"author":1,"featured_media":47306,"comment_status":"closed","ping_status":"closed","sticky":false,"template":"","format":"standard","meta":{"footnotes":""},"categories":[597,456,7541],"tags":[],"class_list":["post-47305","post","type-post","status-publish","format-standard","has-post-thumbnail","","category-cinta-de-noticias","category-arabe-internacional-politica","category-ultimas-noticias"],"_links":{"self":[{"href":"https:\/\/archive.sana.sy\/es\/index.php?rest_route=\/wp\/v2\/posts\/47305"}],"collection":[{"href":"https:\/\/archive.sana.sy\/es\/index.php?rest_route=\/wp\/v2\/posts"}],"about":[{"href":"https:\/\/archive.sana.sy\/es\/index.php?rest_route=\/wp\/v2\/types\/post"}],"author":[{"embeddable":true,"href":"https:\/\/archive.sana.sy\/es\/index.php?rest_route=\/wp\/v2\/users\/1"}],"replies":[{"embeddable":true,"href":"https:\/\/archive.sana.sy\/es\/index.php?rest_route=%2Fwp%2Fv2%2Fcomments&post=47305"}],"version-history":[{"count":0,"href":"https:\/\/archive.sana.sy\/es\/index.php?rest_route=\/wp\/v2\/posts\/47305\/revisions"}],"wp:featuredmedia":[{"embeddable":true,"href":"https:\/\/archive.sana.sy\/es\/index.php?rest_route=\/wp\/v2\/media\/47306"}],"wp:attachment":[{"href":"https:\/\/archive.sana.sy\/es\/index.php?rest_route=%2Fwp%2Fv2%2Fmedia&parent=47305"}],"wp:term":[{"taxonomy":"category","embeddable":true,"href":"https:\/\/archive.sana.sy\/es\/index.php?rest_route=%2Fwp%2Fv2%2Fcategories&post=47305"},{"taxonomy":"post_tag","embeddable":true,"href":"https:\/\/archive.sana.sy\/es\/index.php?rest_route=%2Fwp%2Fv2%2Ftags&post=47305"}],"curies":[{"name":"wp","href":"https:\/\/api.w.org\/{rel}","templated":true}]}}