{"id":47308,"date":"2016-07-18T22:03:09","date_gmt":"2016-07-18T19:03:09","guid":{"rendered":"http:\/\/www.sana.sy\/es\/?p=47308"},"modified":"2016-07-18T23:09:03","modified_gmt":"2016-07-18T20:09:03","slug":"belgica-condena-a-ocho-terroristas-de-prision-por-su-apoyo-al-terrorismo-en-siria","status":"publish","type":"post","link":"https:\/\/archive.sana.sy\/es\/?p=47308","title":{"rendered":"B\u00e9lgica condena a ocho terroristas a prisi\u00f3n por su apoyo al terrorismo en Siria"},"content":{"rendered":"<p><span style=\"color: #800000;\">Bruselas- SANA<\/span><\/p>\n<p style=\"text-align: justify;\">La Justicia belga dict\u00f3 una sentencia de 12 a\u00f1os de prisi\u00f3n contra el terrorista, Sufian Abar Al Hwari, por su implicaci\u00f3n en enviar terroristas belgas a Siria.<\/p>\n<p>Al Hware, 46 a\u00f1os de edad, es de origen argelino y pas\u00f3 cinco a\u00f1os en la prisi\u00f3n de Guant\u00e1namo, tras condenarlo por dirigir actividades de un grupo terrorista.<\/p>\n<p style=\"text-align: justify;\">La Agencia de Noticias Belga cit\u00f3 que el detenido asumi\u00f3 un papel crucial en una organizaci\u00f3n terrorista en Siria y B\u00e9lgica, adem\u00e1s de llevar yihadistas desde B\u00e9lgica hasta Siria.<\/p>\n<p style=\"text-align: justify;\">Otros siete acusados fueron condenados a prisi\u00f3n, con una pena de entre 18 meses y 4 a\u00f1os, por su colaboraci\u00f3n con las actividades de Al Hwari, entre ellos Musa Al Zamuri, un excarcelado de Guant\u00e1namo.<\/p>\n<p style=\"text-align: justify;\">El pasado marzo, varios atentados terroristas sacudieron la capital belga, uno en el aeropuerto y otro en una estaci\u00f3n del Metro, causando 34 muertos y m\u00e1s de 200 heridos.<\/p>\n<p>Akram. S<\/p>\n","protected":false},"excerpt":{"rendered":"<p>Bruselas- SANA La Justicia belga dict\u00f3 una sentencia de 12 a\u00f1os de prisi\u00f3n contra el terrorista, Sufian Abar Al Hwari, por su implicaci\u00f3n en enviar terroristas belgas a Siria. Al Hware, 46 a\u00f1os de edad, es de origen argelino y pas\u00f3 cinco a\u00f1os en la prisi\u00f3n de Guant\u00e1namo, tras condenarlo por dirigir actividades de un &hellip;<\/p>\n","protected":false},"author":1,"featured_media":47309,"comment_status":"closed","ping_status":"closed","sticky":false,"template":"","format":"standard","meta":{"footnotes":""},"categories":[597,456,7541],"tags":[],"class_list":["post-47308","post","type-post","status-publish","format-standard","has-post-thumbnail","","category-cinta-de-noticias","category-arabe-internacional-politica","category-ultimas-noticias"],"_links":{"self":[{"href":"https:\/\/archive.sana.sy\/es\/index.php?rest_route=\/wp\/v2\/posts\/47308"}],"collection":[{"href":"https:\/\/archive.sana.sy\/es\/index.php?rest_route=\/wp\/v2\/posts"}],"about":[{"href":"https:\/\/archive.sana.sy\/es\/index.php?rest_route=\/wp\/v2\/types\/post"}],"author":[{"embeddable":true,"href":"https:\/\/archive.sana.sy\/es\/index.php?rest_route=\/wp\/v2\/users\/1"}],"replies":[{"embeddable":true,"href":"https:\/\/archive.sana.sy\/es\/index.php?rest_route=%2Fwp%2Fv2%2Fcomments&post=47308"}],"version-history":[{"count":0,"href":"https:\/\/archive.sana.sy\/es\/index.php?rest_route=\/wp\/v2\/posts\/47308\/revisions"}],"wp:featuredmedia":[{"embeddable":true,"href":"https:\/\/archive.sana.sy\/es\/index.php?rest_route=\/wp\/v2\/media\/47309"}],"wp:attachment":[{"href":"https:\/\/archive.sana.sy\/es\/index.php?rest_route=%2Fwp%2Fv2%2Fmedia&parent=47308"}],"wp:term":[{"taxonomy":"category","embeddable":true,"href":"https:\/\/archive.sana.sy\/es\/index.php?rest_route=%2Fwp%2Fv2%2Fcategories&post=47308"},{"taxonomy":"post_tag","embeddable":true,"href":"https:\/\/archive.sana.sy\/es\/index.php?rest_route=%2Fwp%2Fv2%2Ftags&post=47308"}],"curies":[{"name":"wp","href":"https:\/\/api.w.org\/{rel}","templated":true}]}}