{"id":47320,"date":"2016-07-19T14:34:07","date_gmt":"2016-07-19T11:34:07","guid":{"rendered":"http:\/\/www.sana.sy\/es\/?p=47320"},"modified":"2016-07-19T14:34:07","modified_gmt":"2016-07-19T11:34:07","slug":"grupos-terroristas-reconocen-la-muerte-de-23-de-sus-integrantes-en-el-norte-de-alepo","status":"publish","type":"post","link":"https:\/\/archive.sana.sy\/es\/?p=47320","title":{"rendered":"Grupos terroristas reconocen la muerte de 23 de sus integrantes en el norte de Alepo"},"content":{"rendered":"<div style=\"text-align: justify\"><span style=\"color: #800000\"><b><span lang=\"ES-TRAD\">Alepo, SANA<\/span><\/b><\/span><\/div>\n<div style=\"text-align: justify\"><\/div>\n<div style=\"text-align: justify\"><span lang=\"ES-TRAD\">Los grupos terroristas reconocieron este martes numerosa bajas entre sus filas y cuantiosas p\u00e9rdidas en sus pertrechos b\u00e9licos, en la periferia norte de la ciudad de Alepo.<\/span><\/div>\n<div style=\"text-align: justify\"><\/div>\n<div style=\"text-align: justify\"><span lang=\"ES-TRAD\">En sus p\u00e1ginas de los sitios de redes sociales, los grupos takfir\u00edes admitieron que m\u00e1s de 23 de sus combatientes takfiristas murieron en el frente del Castelo.<\/span><\/div>\n<div style=\"text-align: justify\"><\/div>\n<div style=\"text-align: justify\"><span lang=\"ES-TRAD\">Entre la lista de muertos figura el terrorista Hammoud al Barem, el cabecilla militar del Ej\u00e9rcito de Mujahideen.<\/span><\/div>\n<div style=\"text-align: justify\"><\/div>\n<div style=\"text-align: justify\"><span style=\"color: #0000ff\">Fady M., Hala B.<\/span><\/div>\n","protected":false},"excerpt":{"rendered":"<p>Alepo, SANA Los grupos terroristas reconocieron este martes numerosa bajas entre sus filas y cuantiosas p\u00e9rdidas en sus pertrechos b\u00e9licos, en la periferia norte de la ciudad de Alepo. En sus p\u00e1ginas de los sitios de redes sociales, los grupos takfir\u00edes admitieron que m\u00e1s de 23 de sus combatientes takfiristas murieron en el frente del &hellip;<\/p>\n","protected":false},"author":1,"featured_media":47321,"comment_status":"closed","ping_status":"closed","sticky":false,"template":"","format":"standard","meta":{"footnotes":""},"categories":[597,457,576,7541],"tags":[8898],"class_list":["post-47320","post","type-post","status-publish","format-standard","has-post-thumbnail","","category-cinta-de-noticias","category-noticias-arabe-internacional-politica","category-noticias-politicas","category-ultimas-noticias","tag-grupos-terroristas-reconocen-la-muerte-de-23-de-sus-integrantes-en-el-norte-de-alepo"],"_links":{"self":[{"href":"https:\/\/archive.sana.sy\/es\/index.php?rest_route=\/wp\/v2\/posts\/47320"}],"collection":[{"href":"https:\/\/archive.sana.sy\/es\/index.php?rest_route=\/wp\/v2\/posts"}],"about":[{"href":"https:\/\/archive.sana.sy\/es\/index.php?rest_route=\/wp\/v2\/types\/post"}],"author":[{"embeddable":true,"href":"https:\/\/archive.sana.sy\/es\/index.php?rest_route=\/wp\/v2\/users\/1"}],"replies":[{"embeddable":true,"href":"https:\/\/archive.sana.sy\/es\/index.php?rest_route=%2Fwp%2Fv2%2Fcomments&post=47320"}],"version-history":[{"count":0,"href":"https:\/\/archive.sana.sy\/es\/index.php?rest_route=\/wp\/v2\/posts\/47320\/revisions"}],"wp:featuredmedia":[{"embeddable":true,"href":"https:\/\/archive.sana.sy\/es\/index.php?rest_route=\/wp\/v2\/media\/47321"}],"wp:attachment":[{"href":"https:\/\/archive.sana.sy\/es\/index.php?rest_route=%2Fwp%2Fv2%2Fmedia&parent=47320"}],"wp:term":[{"taxonomy":"category","embeddable":true,"href":"https:\/\/archive.sana.sy\/es\/index.php?rest_route=%2Fwp%2Fv2%2Fcategories&post=47320"},{"taxonomy":"post_tag","embeddable":true,"href":"https:\/\/archive.sana.sy\/es\/index.php?rest_route=%2Fwp%2Fv2%2Ftags&post=47320"}],"curies":[{"name":"wp","href":"https:\/\/api.w.org\/{rel}","templated":true}]}}