{"id":47329,"date":"2016-07-19T15:12:37","date_gmt":"2016-07-19T12:12:37","guid":{"rendered":"http:\/\/www.sana.sy\/es\/?p=47329"},"modified":"2016-07-19T15:12:37","modified_gmt":"2016-07-19T12:12:37","slug":"kerry-habla-de-acelerar-el-ritmo-de-los-esfuerzos-encaminados-a-eliminar-al-grupo-terrorista-estado-islamico","status":"publish","type":"post","link":"https:\/\/archive.sana.sy\/es\/?p=47329","title":{"rendered":"Kerry habla de acelerar el ritmo de los esfuerzos encaminados a eliminar al grupo terrorista &#8220;Estado Isl\u00e1mico&#8221;"},"content":{"rendered":"<div style=\"text-align: justify\"><span style=\"color: #800000\"><b><span lang=\"ES-TRAD\">Bruselas, SANA<\/span><\/b><\/span><\/div>\n<div style=\"text-align: justify\"><\/div>\n<div style=\"text-align: justify\"><span lang=\"ES-TRAD\">El secretario de Estado de EE.UU, John Kerry, afirm\u00f3 que &#8220;los miembros de la coalici\u00f3n internacional contra el grupo terrorista del Estado Isl\u00e1mico (EI) est\u00e1n decididos a acelerar el ritmo de los esfuerzos para eliminar a este grupo terrorista&#8221;.<\/span><\/div>\n<div style=\"text-align: justify\"><\/div>\n<div style=\"text-align: justify\"><span lang=\"ES-TRAD\">La p\u00e1gina del Departamento de Estado de Estados Unidos en el sitio de red social &#8220;Twitter&#8221; cit\u00f3 a Kerry diciendo: &#8220;se concentrar\u00e1 en la siguiente fase sobre las formas de combatir la red global del EI y su financiaci\u00f3n y propaganda.&#8221;<\/span><\/div>\n<div style=\"text-align: justify\"><\/div>\n<div style=\"text-align: justify\"><span lang=\"ES-TRAD\">Kerry se\u00f1al\u00f3 que &#8220;algunos de los ministros de Exteriores y de Defensa de los miembros de la coalici\u00f3n se reunir\u00e1n esta semana en Washington para coordinar la siguiente fase de la campa\u00f1a de la coalici\u00f3n contra el &#8220;EI&#8221; sin ning\u00fan tipo de contradicci\u00f3n en el ritmo de los esfuerzos.&#8221;<\/span><\/div>\n<div style=\"text-align: justify\"><\/div>\n<div style=\"text-align: justify\"><span style=\"color: #0000ff\">Fady M., Hala B.<\/span><\/div>\n","protected":false},"excerpt":{"rendered":"<p>Bruselas, SANA El secretario de Estado de EE.UU, John Kerry, afirm\u00f3 que &#8220;los miembros de la coalici\u00f3n internacional contra el grupo terrorista del Estado Isl\u00e1mico (EI) est\u00e1n decididos a acelerar el ritmo de los esfuerzos para eliminar a este grupo terrorista&#8221;. La p\u00e1gina del Departamento de Estado de Estados Unidos en el sitio de red &hellip;<\/p>\n","protected":false},"author":1,"featured_media":47330,"comment_status":"closed","ping_status":"closed","sticky":false,"template":"","format":"standard","meta":{"footnotes":""},"categories":[597,457,576,7541],"tags":[8901],"class_list":["post-47329","post","type-post","status-publish","format-standard","has-post-thumbnail","","category-cinta-de-noticias","category-noticias-arabe-internacional-politica","category-noticias-politicas","category-ultimas-noticias","tag-kerry-habla-de-acelerar-el-ritmo-de-los-esfuerzos-encaminados-a-eliminar-al-grupo-terrorista-estado-islamico"],"_links":{"self":[{"href":"https:\/\/archive.sana.sy\/es\/index.php?rest_route=\/wp\/v2\/posts\/47329"}],"collection":[{"href":"https:\/\/archive.sana.sy\/es\/index.php?rest_route=\/wp\/v2\/posts"}],"about":[{"href":"https:\/\/archive.sana.sy\/es\/index.php?rest_route=\/wp\/v2\/types\/post"}],"author":[{"embeddable":true,"href":"https:\/\/archive.sana.sy\/es\/index.php?rest_route=\/wp\/v2\/users\/1"}],"replies":[{"embeddable":true,"href":"https:\/\/archive.sana.sy\/es\/index.php?rest_route=%2Fwp%2Fv2%2Fcomments&post=47329"}],"version-history":[{"count":0,"href":"https:\/\/archive.sana.sy\/es\/index.php?rest_route=\/wp\/v2\/posts\/47329\/revisions"}],"wp:featuredmedia":[{"embeddable":true,"href":"https:\/\/archive.sana.sy\/es\/index.php?rest_route=\/wp\/v2\/media\/47330"}],"wp:attachment":[{"href":"https:\/\/archive.sana.sy\/es\/index.php?rest_route=%2Fwp%2Fv2%2Fmedia&parent=47329"}],"wp:term":[{"taxonomy":"category","embeddable":true,"href":"https:\/\/archive.sana.sy\/es\/index.php?rest_route=%2Fwp%2Fv2%2Fcategories&post=47329"},{"taxonomy":"post_tag","embeddable":true,"href":"https:\/\/archive.sana.sy\/es\/index.php?rest_route=%2Fwp%2Fv2%2Ftags&post=47329"}],"curies":[{"name":"wp","href":"https:\/\/api.w.org\/{rel}","templated":true}]}}