{"id":47377,"date":"2016-07-19T22:54:51","date_gmt":"2016-07-19T19:54:51","guid":{"rendered":"http:\/\/www.sana.sy\/es\/?p=47377"},"modified":"2016-07-19T23:01:13","modified_gmt":"2016-07-19T20:01:13","slug":"siria-exige-una-condena-a-la-agresion-cruel-francesa-contra-el-pueblo-de-tukhan-al-kubra","status":"publish","type":"post","link":"https:\/\/archive.sana.sy\/es\/?p=47377","title":{"rendered":"Siria exige  una condena a la agresi\u00f3n cruel francesa contra el pueblo de Tukhan al-Kubra"},"content":{"rendered":"<p style=\"text-align: justify\"><span style=\"color: #800000\">Damasco, SANA<\/span>&#8211; El Ministerio de Relaciones Exteriores y Expatriados Sirio, dirigi\u00f3 dos cartas id\u00e9nticas al Secretario General de la ONU, y al presidente del Consejo de Seguridad de las Naciones Unidas en relaci\u00f3n con la brutal agresi\u00f3n sangrienta cometida por los aviones de combate franceses contra civiles inocentes sirios en el pueblo de Tukhan al-Kubra situado al norte de la ciudad de Menbej.<\/p>\n<p style=\"text-align: justify\">&#8220;El gobierno de la Rep\u00fablica \u00c1rabe Siria pide condenar esta masacre cometida por Francia y exige al Consejo de Seguridad para cumplir con su deber en mantener la paz y la seguridad internacionales mediante la adopci\u00f3n de medidas punitivas contra los estados y reg\u00edmenes que apoyan y financian el terrorismo,&#8221;, subray\u00f3 la Canciller\u00eda siria.<\/p>\n<p style=\"text-align: justify\">El ministerio dijo que la sanguinario agresi\u00f3n francesa que mat\u00f3 a m\u00e1s de 120 civiles, la mayor\u00eda de ellos son mujeres, ni\u00f1os y ancianos, y decenas de civiles heridos, agregando que varios los informes indican que el destino de decenas de civiles que a\u00fan est\u00e1n bajo los escombros de sus casas sigue siendo desconocido.<\/p>\n<p style=\"text-align: justify\">La Canciller\u00eda siria se\u00f1al\u00f3 que la agresi\u00f3n francesa viene un d\u00eda despu\u00e9s de una agresi\u00f3n llevada a cabo por cazas estadounidenses el lunes 18 de julio de del 2016, donde los aviones de guerra de los Estados Unidos cometieron una matanza similar al bombardear la ciudad de Menbej , matando a m\u00e1s de 20 civiles e hiriendo a decenas, la mayor\u00eda de los cuales son ni\u00f1os y mujeres inocentes.<\/p>\n<p style=\"text-align: justify\">Exteriores afirm\u00f3 que a pesar de las masacres, los cr\u00edmenes, la destrucci\u00f3n, el gobierno de la Rep\u00fablica \u00c1rabe Siria seguir\u00e1 cumpliendo su deber en la laucha contra el terrorismo, y trabaja para encontrar una soluci\u00f3n pol\u00edtica a la crisis, a trav\u00e9s de un di\u00e1logo entre los sirios, y sin injerencia extranjera.<\/p>\n<p style=\"text-align: justify\">La canciller\u00eda concluy\u00f3 las cartas con la petici\u00f3n del gobierno de la Rep\u00fablica \u00c1rabe Siria una condena instant\u00e1nea por parte del Consejo de Seguridad y del Secretario General de las Naciones Unidas a estos cr\u00edmenes terroristas, as\u00ed como adoptar medidas punitivas contra los pa\u00edses y los reg\u00edmenes que apoyan y financian al terrorismo, y sobre todo contra Riad, Doha, y Ankara. As\u00ed como compelerlos a cumplir las resoluciones pertinentes del Consejo de Seguridad, \/2170\/2014\/ ,\/2178\/2014\/, \/2199\/ 2015\/ ,\/2253\/ 2015.<\/p>\n<p>M.Miri<\/p>\n","protected":false},"excerpt":{"rendered":"<p>Damasco, SANA&#8211; El Ministerio de Relaciones Exteriores y Expatriados Sirio, dirigi\u00f3 dos cartas id\u00e9nticas al Secretario General de la ONU, y al presidente del Consejo de Seguridad de las Naciones Unidas en relaci\u00f3n con la brutal agresi\u00f3n sangrienta cometida por los aviones de combate franceses contra civiles inocentes sirios en el pueblo de Tukhan al-Kubra &hellip;<\/p>\n","protected":false},"author":1,"featured_media":47378,"comment_status":"closed","ping_status":"closed","sticky":false,"template":"","format":"standard","meta":{"footnotes":""},"categories":[477,476,583,7541],"tags":[8904],"class_list":["post-47377","post","type-post","status-publish","format-standard","has-post-thumbnail","","category-noticias-edulcorantes","category-locales","category-slide","category-ultimas-noticias","tag-exterior"],"_links":{"self":[{"href":"https:\/\/archive.sana.sy\/es\/index.php?rest_route=\/wp\/v2\/posts\/47377"}],"collection":[{"href":"https:\/\/archive.sana.sy\/es\/index.php?rest_route=\/wp\/v2\/posts"}],"about":[{"href":"https:\/\/archive.sana.sy\/es\/index.php?rest_route=\/wp\/v2\/types\/post"}],"author":[{"embeddable":true,"href":"https:\/\/archive.sana.sy\/es\/index.php?rest_route=\/wp\/v2\/users\/1"}],"replies":[{"embeddable":true,"href":"https:\/\/archive.sana.sy\/es\/index.php?rest_route=%2Fwp%2Fv2%2Fcomments&post=47377"}],"version-history":[{"count":0,"href":"https:\/\/archive.sana.sy\/es\/index.php?rest_route=\/wp\/v2\/posts\/47377\/revisions"}],"wp:featuredmedia":[{"embeddable":true,"href":"https:\/\/archive.sana.sy\/es\/index.php?rest_route=\/wp\/v2\/media\/47378"}],"wp:attachment":[{"href":"https:\/\/archive.sana.sy\/es\/index.php?rest_route=%2Fwp%2Fv2%2Fmedia&parent=47377"}],"wp:term":[{"taxonomy":"category","embeddable":true,"href":"https:\/\/archive.sana.sy\/es\/index.php?rest_route=%2Fwp%2Fv2%2Fcategories&post=47377"},{"taxonomy":"post_tag","embeddable":true,"href":"https:\/\/archive.sana.sy\/es\/index.php?rest_route=%2Fwp%2Fv2%2Ftags&post=47377"}],"curies":[{"name":"wp","href":"https:\/\/api.w.org\/{rel}","templated":true}]}}