{"id":47386,"date":"2016-07-20T10:03:52","date_gmt":"2016-07-20T07:03:52","guid":{"rendered":"http:\/\/www.sana.sy\/es\/?p=47386"},"modified":"2016-07-20T20:15:51","modified_gmt":"2016-07-20T17:15:51","slug":"terroristas-del-movimiento-noureddine-zanki-decapitan-a-nino-en-handarat","status":"publish","type":"post","link":"https:\/\/archive.sana.sy\/es\/?p=47386","title":{"rendered":"Terroristas del &#8220;Movimiento Noureddine Zanki&#8221; decapitan a ni\u00f1o en Handarat"},"content":{"rendered":"<p><span style=\"color: #800000\">Alepo, SANA<\/span><\/p>\n<p style=\"text-align: justify\">Los terroristas del grupo &#8220;Movimiento Noureddine Zanki&#8221; degollaron a un ni\u00f1o de 12 a\u00f1os de edad, en el campo Handarat de refugiado palestinos, al norte de la ciudad de Alepo.<\/p>\n<p style=\"text-align: justify\">Varias p\u00e1ginas en las redes sociales difundieron un v\u00eddeo en el que aparecen terroristas del &#8220;Movimiento Noureddine Zanki &#8221; degollando con un cuchillo a un ni\u00f1o y luego separar su cabeza del cuerpo.<\/p>\n<p style=\"text-align: justify\">El ni\u00f1o fue capturado despu\u00e9s de haber resultado herido por disparos de terroristas en el campo Handarat.<\/p>\n<p style=\"text-align: justify\">El &#8220;Movimiento Noureddine Zanki&#8221; recibe financiamiento y apoyo log\u00edstico del r\u00e9gimen turco y sus terroristas operan en los campos de Idleb y Alepo, provincias fronterizas con Turqu\u00eda.<\/p>\n<p>&nbsp;<\/p>\n<p>Fady M., Lynn A.<\/p>\n","protected":false},"excerpt":{"rendered":"<p>Alepo, SANA Los terroristas del grupo &#8220;Movimiento Noureddine Zanki&#8221; degollaron a un ni\u00f1o de 12 a\u00f1os de edad, en el campo Handarat de refugiado palestinos, al norte de la ciudad de Alepo. Varias p\u00e1ginas en las redes sociales difundieron un v\u00eddeo en el que aparecen terroristas del &#8220;Movimiento Noureddine Zanki &#8221; degollando con un cuchillo &hellip;<\/p>\n","protected":false},"author":24,"featured_media":47387,"comment_status":"closed","ping_status":"closed","sticky":false,"template":"","format":"standard","meta":{"footnotes":""},"categories":[597,573,467,583,7541],"tags":[8905],"class_list":["post-47386","post","type-post","status-publish","format-standard","has-post-thumbnail","","category-cinta-de-noticias","category-la-realidad-de-los-acontecimientos-en-siria","category-siria-y-el-mundo","category-slide","category-ultimas-noticias","tag-terroristas"],"_links":{"self":[{"href":"https:\/\/archive.sana.sy\/es\/index.php?rest_route=\/wp\/v2\/posts\/47386"}],"collection":[{"href":"https:\/\/archive.sana.sy\/es\/index.php?rest_route=\/wp\/v2\/posts"}],"about":[{"href":"https:\/\/archive.sana.sy\/es\/index.php?rest_route=\/wp\/v2\/types\/post"}],"author":[{"embeddable":true,"href":"https:\/\/archive.sana.sy\/es\/index.php?rest_route=\/wp\/v2\/users\/24"}],"replies":[{"embeddable":true,"href":"https:\/\/archive.sana.sy\/es\/index.php?rest_route=%2Fwp%2Fv2%2Fcomments&post=47386"}],"version-history":[{"count":0,"href":"https:\/\/archive.sana.sy\/es\/index.php?rest_route=\/wp\/v2\/posts\/47386\/revisions"}],"wp:featuredmedia":[{"embeddable":true,"href":"https:\/\/archive.sana.sy\/es\/index.php?rest_route=\/wp\/v2\/media\/47387"}],"wp:attachment":[{"href":"https:\/\/archive.sana.sy\/es\/index.php?rest_route=%2Fwp%2Fv2%2Fmedia&parent=47386"}],"wp:term":[{"taxonomy":"category","embeddable":true,"href":"https:\/\/archive.sana.sy\/es\/index.php?rest_route=%2Fwp%2Fv2%2Fcategories&post=47386"},{"taxonomy":"post_tag","embeddable":true,"href":"https:\/\/archive.sana.sy\/es\/index.php?rest_route=%2Fwp%2Fv2%2Ftags&post=47386"}],"curies":[{"name":"wp","href":"https:\/\/api.w.org\/{rel}","templated":true}]}}