{"id":47395,"date":"2016-07-20T11:08:44","date_gmt":"2016-07-20T08:08:44","guid":{"rendered":"http:\/\/www.sana.sy\/es\/?p=47395"},"modified":"2016-07-20T15:09:49","modified_gmt":"2016-07-20T12:09:49","slug":"wikileaks-filtra-mas-de-290-000-correos-sobre-la-estructura-del-regimen-de-erdogan","status":"publish","type":"post","link":"https:\/\/archive.sana.sy\/es\/?p=47395","title":{"rendered":"WikiLeaks filtra m\u00e1s de 290.000 correos sobre la estructura del r\u00e9gimen de Erdogan"},"content":{"rendered":"<p><span style=\"color: #800000\">Mosc\u00fa, SANA<\/span><\/p>\n<p>El portal de filtraciones WikiLeaks public\u00f3 m\u00e1s de 290.000 correos electr\u00f3nicos sobre la estructura del Partido de la Justicia y el Desarrollo que lidera el presidente del r\u00e9gimen turco Recep Tayyip Erdogan.<\/p>\n<p>Anteriormente WikiLeaks comunic\u00f3 que planeaba sacar a la luz m\u00e1s de 100.000 documentos sobre la estructura pol\u00edtica de Turqu\u00eda, m\u00e1s tarde precis\u00f3 que publicar\u00eda medio mill\u00f3n de documentos y 300.000 correos electr\u00f3nicos.<\/p>\n<p>El portal se\u00f1al\u00f3 que &#8220;la primera entrega incluye 762 direcciones de correos electr\u00f3nicos con 294.548 cartas y archivos anexados&#8221;.<\/p>\n<p>Precis\u00f3 que el mensaje m\u00e1s reciente data del 6 de julio de 2016 y el m\u00e1s antiguo es del a\u00f1o 2010.<\/p>\n<p>&nbsp;<\/p>\n<p>&nbsp;<\/p>\n<p>Fady M., Lynn A.<\/p>\n","protected":false},"excerpt":{"rendered":"<p>Mosc\u00fa, SANA El portal de filtraciones WikiLeaks public\u00f3 m\u00e1s de 290.000 correos electr\u00f3nicos sobre la estructura del Partido de la Justicia y el Desarrollo que lidera el presidente del r\u00e9gimen turco Recep Tayyip Erdogan. Anteriormente WikiLeaks comunic\u00f3 que planeaba sacar a la luz m\u00e1s de 100.000 documentos sobre la estructura pol\u00edtica de Turqu\u00eda, m\u00e1s tarde &hellip;<\/p>\n","protected":false},"author":24,"featured_media":47396,"comment_status":"closed","ping_status":"closed","sticky":false,"template":"","format":"standard","meta":{"footnotes":""},"categories":[456,457,7541],"tags":[],"class_list":["post-47395","post","type-post","status-publish","format-standard","has-post-thumbnail","","category-arabe-internacional-politica","category-noticias-arabe-internacional-politica","category-ultimas-noticias"],"_links":{"self":[{"href":"https:\/\/archive.sana.sy\/es\/index.php?rest_route=\/wp\/v2\/posts\/47395"}],"collection":[{"href":"https:\/\/archive.sana.sy\/es\/index.php?rest_route=\/wp\/v2\/posts"}],"about":[{"href":"https:\/\/archive.sana.sy\/es\/index.php?rest_route=\/wp\/v2\/types\/post"}],"author":[{"embeddable":true,"href":"https:\/\/archive.sana.sy\/es\/index.php?rest_route=\/wp\/v2\/users\/24"}],"replies":[{"embeddable":true,"href":"https:\/\/archive.sana.sy\/es\/index.php?rest_route=%2Fwp%2Fv2%2Fcomments&post=47395"}],"version-history":[{"count":0,"href":"https:\/\/archive.sana.sy\/es\/index.php?rest_route=\/wp\/v2\/posts\/47395\/revisions"}],"wp:featuredmedia":[{"embeddable":true,"href":"https:\/\/archive.sana.sy\/es\/index.php?rest_route=\/wp\/v2\/media\/47396"}],"wp:attachment":[{"href":"https:\/\/archive.sana.sy\/es\/index.php?rest_route=%2Fwp%2Fv2%2Fmedia&parent=47395"}],"wp:term":[{"taxonomy":"category","embeddable":true,"href":"https:\/\/archive.sana.sy\/es\/index.php?rest_route=%2Fwp%2Fv2%2Fcategories&post=47395"},{"taxonomy":"post_tag","embeddable":true,"href":"https:\/\/archive.sana.sy\/es\/index.php?rest_route=%2Fwp%2Fv2%2Ftags&post=47395"}],"curies":[{"name":"wp","href":"https:\/\/api.w.org\/{rel}","templated":true}]}}