{"id":47435,"date":"2016-07-20T18:01:10","date_gmt":"2016-07-20T15:01:10","guid":{"rendered":"http:\/\/www.sana.sy\/es\/?p=47435"},"modified":"2016-07-20T18:46:04","modified_gmt":"2016-07-20T15:46:04","slug":"siria-exige-a-la-onu-que-condene-deguello-de-un-nino-palestino-en-alepo-a-manos-de-terroristas","status":"publish","type":"post","link":"https:\/\/archive.sana.sy\/es\/?p=47435","title":{"rendered":"Siria exige a la ONU que condene crimen inhumano perpetrado por terroristas contra un ni\u00f1o palestino en Alepo"},"content":{"rendered":"<p><span style=\"color: #800000\">Damasco, SANA<\/span><\/p>\n<p>La Canciller\u00eda siria envi\u00f3 este mi\u00e9rcoles una carta al Secretario General de la ONU y el Consejo de Seguridad Internacional sobre el deg\u00fcello de un menor de edad palestino, uno de los habitantes de un campo de refugiados palestinos, a manos de terroristas del\u00a0movimiento &#8220;Nouraddin Zanki&#8221; (denominado\u00a0por algunos pa\u00edses como oposici\u00f3n moderada) cerca de la ciudad de Alepo.<\/p>\n<p>En la carta, la Canciller\u00eda siria exigi\u00f3 la ONU que condene todos los cr\u00edmenes cometidos contra el pueblo sirio y los campos de los refugiaos palestinos en Siria, inclusive este horrible y escalofriante crimen que se cobr\u00f3 la vida de un ni\u00f1o que apenas tiene 12 a\u00f1os.<\/p>\n<p>\u201cEl gobierno de la Rep\u00fablica \u00c1rabe Siria vuelve a advertir al Consejo de Seguridad de la ONU y el alto Comisionado de Derechos Humanos de la ONU que su silencio ante tales cr\u00edmenes perpetrados por los grupos terroristas llamados por algunos \u201cgrupos de la oposici\u00f3n moderada\u201d constituye un mensaje expreso a los mismos para que contin\u00faen con sus barbaridades\u201d, subray\u00f3 la Carta.<\/p>\n<p>Asimismo exigi\u00f3 al Consejo de Seguridad de la ONU que adopte sanciones contra los pa\u00edses que patrocinan el terrorismo, e impida el continuo apoyo de los mismos a los terroristas, y su manipulaci\u00f3n con la seguridad y paz internacionales.<\/p>\n<p>Es de se\u00f1alar que terroristas del grupo &#8220;Movimiento Noureddine Zanki&#8221; degollaron ayer a un ni\u00f1o de 12 a\u00f1os de edad, en el campo Handarat de refugiado palestinos, al norte de la ciudad de Alepo.<\/p>\n<p>&nbsp;<\/p>\n<p>Lynn A.<\/p>\n","protected":false},"excerpt":{"rendered":"<p>Damasco, SANA La Canciller\u00eda siria envi\u00f3 este mi\u00e9rcoles una carta al Secretario General de la ONU y el Consejo de Seguridad Internacional sobre el deg\u00fcello de un menor de edad palestino, uno de los habitantes de un campo de refugiados palestinos, a manos de terroristas del\u00a0movimiento &#8220;Nouraddin Zanki&#8221; (denominado\u00a0por algunos pa\u00edses como oposici\u00f3n moderada) cerca &hellip;<\/p>\n","protected":false},"author":24,"featured_media":47378,"comment_status":"closed","ping_status":"closed","sticky":false,"template":"","format":"standard","meta":{"footnotes":""},"categories":[477,476,7541],"tags":[],"class_list":["post-47435","post","type-post","status-publish","format-standard","has-post-thumbnail","","category-noticias-edulcorantes","category-locales","category-ultimas-noticias"],"_links":{"self":[{"href":"https:\/\/archive.sana.sy\/es\/index.php?rest_route=\/wp\/v2\/posts\/47435"}],"collection":[{"href":"https:\/\/archive.sana.sy\/es\/index.php?rest_route=\/wp\/v2\/posts"}],"about":[{"href":"https:\/\/archive.sana.sy\/es\/index.php?rest_route=\/wp\/v2\/types\/post"}],"author":[{"embeddable":true,"href":"https:\/\/archive.sana.sy\/es\/index.php?rest_route=\/wp\/v2\/users\/24"}],"replies":[{"embeddable":true,"href":"https:\/\/archive.sana.sy\/es\/index.php?rest_route=%2Fwp%2Fv2%2Fcomments&post=47435"}],"version-history":[{"count":0,"href":"https:\/\/archive.sana.sy\/es\/index.php?rest_route=\/wp\/v2\/posts\/47435\/revisions"}],"wp:featuredmedia":[{"embeddable":true,"href":"https:\/\/archive.sana.sy\/es\/index.php?rest_route=\/wp\/v2\/media\/47378"}],"wp:attachment":[{"href":"https:\/\/archive.sana.sy\/es\/index.php?rest_route=%2Fwp%2Fv2%2Fmedia&parent=47435"}],"wp:term":[{"taxonomy":"category","embeddable":true,"href":"https:\/\/archive.sana.sy\/es\/index.php?rest_route=%2Fwp%2Fv2%2Fcategories&post=47435"},{"taxonomy":"post_tag","embeddable":true,"href":"https:\/\/archive.sana.sy\/es\/index.php?rest_route=%2Fwp%2Fv2%2Ftags&post=47435"}],"curies":[{"name":"wp","href":"https:\/\/api.w.org\/{rel}","templated":true}]}}