{"id":47465,"date":"2016-07-20T22:59:19","date_gmt":"2016-07-20T19:59:19","guid":{"rendered":"http:\/\/www.sana.sy\/es\/?p=47465"},"modified":"2016-07-20T22:59:19","modified_gmt":"2016-07-20T19:59:19","slug":"fuerzas-de-seguridad-iranies-desmantelan-una-celula-terrorista","status":"publish","type":"post","link":"https:\/\/archive.sana.sy\/es\/?p=47465","title":{"rendered":"Fuerzas de seguridad iran\u00edes desmantelan una c\u00e9lula terrorista"},"content":{"rendered":"<p style=\"text-align: justify\"><span style=\"color: #800000\">Teher\u00e1n, SANA<\/span>&#8211; Las fuerzas de seguridad de Ir\u00e1n desmantelaron una c\u00e9lula terrorista en la provincia de Sist\u00e1n y Baluchist\u00e1n al sureste de Ir\u00e1n<\/p>\n<p style=\"text-align: justify\">El gobernador del distrito de Jash Mohamad Akbar Chakerzahi dijo en una declaraci\u00f3n: &#8220;Un grupo de terroristas que buscaba llevar a cabo actos de sabotaje en dos importantes centros militares ha sido detenido&#8221;, agregando que que las fuerzas de seguridad detuvieron a al menos 10 miembros de la banda, y que los terroristas hab\u00edan cavado un t\u00fanel bajo una vivienda situada en la cercan\u00eda de dichos centros militares para llevar a cabo sus operaciones subversivas.<\/p>\n<p style=\"text-align: justify\">Las fuerzas iran\u00edes han tenido recientemente varios enfrentamientos en la regi\u00f3n en cuesti\u00f3n con grupos terroristas, cuyas actividades terroristas han frustrado en numerosas ocasiones, deteniendo a varios de ellos y confiscando grandes cantidades de explosivos y materiales para fabricar bombas.<\/p>\n<p>M.Miri<\/p>\n","protected":false},"excerpt":{"rendered":"<p>Teher\u00e1n, SANA&#8211; Las fuerzas de seguridad de Ir\u00e1n desmantelaron una c\u00e9lula terrorista en la provincia de Sist\u00e1n y Baluchist\u00e1n al sureste de Ir\u00e1n El gobernador del distrito de Jash Mohamad Akbar Chakerzahi dijo en una declaraci\u00f3n: &#8220;Un grupo de terroristas que buscaba llevar a cabo actos de sabotaje en dos importantes centros militares ha sido &hellip;<\/p>\n","protected":false},"author":1,"featured_media":47466,"comment_status":"closed","ping_status":"closed","sticky":false,"template":"","format":"standard","meta":{"footnotes":""},"categories":[456,457],"tags":[2866],"class_list":["post-47465","post","type-post","status-publish","format-standard","has-post-thumbnail","","category-arabe-internacional-politica","category-noticias-arabe-internacional-politica","tag-iran"],"_links":{"self":[{"href":"https:\/\/archive.sana.sy\/es\/index.php?rest_route=\/wp\/v2\/posts\/47465"}],"collection":[{"href":"https:\/\/archive.sana.sy\/es\/index.php?rest_route=\/wp\/v2\/posts"}],"about":[{"href":"https:\/\/archive.sana.sy\/es\/index.php?rest_route=\/wp\/v2\/types\/post"}],"author":[{"embeddable":true,"href":"https:\/\/archive.sana.sy\/es\/index.php?rest_route=\/wp\/v2\/users\/1"}],"replies":[{"embeddable":true,"href":"https:\/\/archive.sana.sy\/es\/index.php?rest_route=%2Fwp%2Fv2%2Fcomments&post=47465"}],"version-history":[{"count":0,"href":"https:\/\/archive.sana.sy\/es\/index.php?rest_route=\/wp\/v2\/posts\/47465\/revisions"}],"wp:featuredmedia":[{"embeddable":true,"href":"https:\/\/archive.sana.sy\/es\/index.php?rest_route=\/wp\/v2\/media\/47466"}],"wp:attachment":[{"href":"https:\/\/archive.sana.sy\/es\/index.php?rest_route=%2Fwp%2Fv2%2Fmedia&parent=47465"}],"wp:term":[{"taxonomy":"category","embeddable":true,"href":"https:\/\/archive.sana.sy\/es\/index.php?rest_route=%2Fwp%2Fv2%2Fcategories&post=47465"},{"taxonomy":"post_tag","embeddable":true,"href":"https:\/\/archive.sana.sy\/es\/index.php?rest_route=%2Fwp%2Fv2%2Ftags&post=47465"}],"curies":[{"name":"wp","href":"https:\/\/api.w.org\/{rel}","templated":true}]}}