{"id":47482,"date":"2016-07-21T14:44:41","date_gmt":"2016-07-21T11:44:41","guid":{"rendered":"http:\/\/www.sana.sy\/es\/?p=47482"},"modified":"2016-07-21T20:53:31","modified_gmt":"2016-07-21T17:53:31","slug":"regimen-de-erdogan-arrestan-a-32-jueces-y-a-dos-oficiales-del-ejercito-turco","status":"publish","type":"post","link":"https:\/\/archive.sana.sy\/es\/?p=47482","title":{"rendered":"R\u00e9gimen de Erdogan arresta a 32 jueces y a dos oficiales del ej\u00e9rcito turco"},"content":{"rendered":"<div style=\"text-align: justify\"><span style=\"color: #800000\"><b><span lang=\"ES-TRAD\">Ankara, SANA<\/span><\/b><\/span><\/div>\n<div style=\"text-align: justify\"><\/div>\n<div style=\"text-align: justify\"><span lang=\"ES-TRAD\">Las autoridades del r\u00e9gimen turco han continuado sus purgas en las que arrestaron a decenas de miles de militares, jueces y empleados.<\/span><\/div>\n<div style=\"text-align: justify\"><\/div>\n<div style=\"text-align: justify\"><span lang=\"ES-TRAD\">Medios de comunicaci\u00f3n turcos informaron este jueves de la detenci\u00f3n de 32 jueces y de dos oficiales militares.<\/span><\/div>\n<div style=\"text-align: justify\"><\/div>\n<div style=\"text-align: justify\"><span lang=\"ES-TRAD\">El presidente del r\u00e9gimen turco Recep Tayyip Erdogan hab\u00eda declarado el mi\u00e9rcoles el estado de excepci\u00f3n en Turqu\u00eda durante tres meses bajo el pretexto de la intentona de golpe.<\/span><\/div>\n<div style=\"text-align: justify\"><\/div>\n<div style=\"text-align: justify\"><span style=\"color: #0000ff\">Fady M., Hala B.<\/span><\/div>\n<div class=\"yj6qo ajU\">\n<div id=\":mv\" class=\"ajR\" style=\"text-align: justify\"><img decoding=\"async\" class=\"ajT\" src=\"https:\/\/ssl.gstatic.com\/ui\/v1\/icons\/mail\/images\/cleardot.gif\" \/><\/div>\n<\/div>\n","protected":false},"excerpt":{"rendered":"<p>Ankara, SANA Las autoridades del r\u00e9gimen turco han continuado sus purgas en las que arrestaron a decenas de miles de militares, jueces y empleados. Medios de comunicaci\u00f3n turcos informaron este jueves de la detenci\u00f3n de 32 jueces y de dos oficiales militares. El presidente del r\u00e9gimen turco Recep Tayyip Erdogan hab\u00eda declarado el mi\u00e9rcoles el &hellip;<\/p>\n","protected":false},"author":1,"featured_media":47483,"comment_status":"closed","ping_status":"closed","sticky":false,"template":"","format":"standard","meta":{"footnotes":""},"categories":[597,457,576,7541],"tags":[8909],"class_list":["post-47482","post","type-post","status-publish","format-standard","has-post-thumbnail","","category-cinta-de-noticias","category-noticias-arabe-internacional-politica","category-noticias-politicas","category-ultimas-noticias","tag-regimen-de-erdogan-arrestan-a-32-jueces-y-a-dos-oficiales-del-ejercito-turco"],"_links":{"self":[{"href":"https:\/\/archive.sana.sy\/es\/index.php?rest_route=\/wp\/v2\/posts\/47482"}],"collection":[{"href":"https:\/\/archive.sana.sy\/es\/index.php?rest_route=\/wp\/v2\/posts"}],"about":[{"href":"https:\/\/archive.sana.sy\/es\/index.php?rest_route=\/wp\/v2\/types\/post"}],"author":[{"embeddable":true,"href":"https:\/\/archive.sana.sy\/es\/index.php?rest_route=\/wp\/v2\/users\/1"}],"replies":[{"embeddable":true,"href":"https:\/\/archive.sana.sy\/es\/index.php?rest_route=%2Fwp%2Fv2%2Fcomments&post=47482"}],"version-history":[{"count":0,"href":"https:\/\/archive.sana.sy\/es\/index.php?rest_route=\/wp\/v2\/posts\/47482\/revisions"}],"wp:featuredmedia":[{"embeddable":true,"href":"https:\/\/archive.sana.sy\/es\/index.php?rest_route=\/wp\/v2\/media\/47483"}],"wp:attachment":[{"href":"https:\/\/archive.sana.sy\/es\/index.php?rest_route=%2Fwp%2Fv2%2Fmedia&parent=47482"}],"wp:term":[{"taxonomy":"category","embeddable":true,"href":"https:\/\/archive.sana.sy\/es\/index.php?rest_route=%2Fwp%2Fv2%2Fcategories&post=47482"},{"taxonomy":"post_tag","embeddable":true,"href":"https:\/\/archive.sana.sy\/es\/index.php?rest_route=%2Fwp%2Fv2%2Ftags&post=47482"}],"curies":[{"name":"wp","href":"https:\/\/api.w.org\/{rel}","templated":true}]}}