{"id":47533,"date":"2016-07-22T15:25:09","date_gmt":"2016-07-22T12:25:09","guid":{"rendered":"http:\/\/www.sana.sy\/es\/?p=47533"},"modified":"2016-07-22T15:29:23","modified_gmt":"2016-07-22T12:29:23","slug":"ejercito-arabe-sirio-destruye-objetivos-del-ei-y-el-frente-al-nusra-en-daraa-y-homs","status":"publish","type":"post","link":"https:\/\/archive.sana.sy\/es\/?p=47533","title":{"rendered":"Ej\u00e9rcito \u00c1rabe Sirio destruye objetivos del EI y el Frente al-Nusra en diferentes zonas del pa\u00eds"},"content":{"rendered":"<p style=\"text-align: justify\"><span style=\"color: #800000\">Provincias, SANA<\/span>&#8211; Las Fuerzas Armadas han continuado sus operativos militares contra las bandas terroristas en varias zonas del pa\u00eds.<\/p>\n<p><span style=\"color: #0000ff\">Rif Dimashq<\/span><\/p>\n<p style=\"text-align: justify\">Seg\u00fan inform\u00f3 una fuente militar, unidades militares retomaron el control sobre en el poblado de Herira en Wadi Barada, tras acabar con un n\u00famero de terroristas y destruir tres carros blindados, dos ca\u00f1ones y cuatro veh\u00edculos equipados con ametralladoras pesadas.<\/p>\n<p><span style=\"color: #0000ff\">Deir ez-Zor<\/span><\/p>\n<p style=\"text-align: justify\">De acuerdo con una fuente militar, los cazas de combate sirios llevaron a cabo una serie de incursiones contra objetivos del &#8220;EI&#8221; en la periferia del monte al-Zarda y en las aproximaciones sure\u00f1as de la ciudad de Deir ez-Zor.<\/p>\n<p style=\"text-align: justify\">La fuente confirm\u00f3 la eliminaci\u00f3n de un n\u00famero de terroristas y la destrucci\u00f3n de armas y veh\u00edculos del grupo terrorista.<\/p>\n<p style=\"text-align: justify\"><span style=\"color: #0000ff\">Daraa<\/span><\/p>\n<p style=\"text-align: justify\">Una fuente militar le inform\u00f3 a SANA que las unidades del ej\u00e9rcito destruyeron pertrechos b\u00e9licos del grupo terrorista el &#8221; Frente al-Nusra&#8221; en el barrio oriental de la ciudad de Bosra Sham en el campo oriental de la provincia de Daraa.<\/p>\n<p style=\"text-align: justify\"><span style=\"color: #0000ff\">Homs<\/span><\/p>\n<p style=\"text-align: justify\">En la ciudad c\u00e9ntrica de Homs, la aviaci\u00f3n militar siria destruy\u00f3 sedes y veh\u00edculos de la organizaci\u00f3n terrorista &#8220;Daesh&#8221; al este de la ciudad de Palmira en el campo de la urbe, seg\u00fan inform\u00f3 una fuente militar.<\/p>\n<p style=\"text-align: justify\">M.Miri<\/p>\n","protected":false},"excerpt":{"rendered":"<p>Provincias, SANA&#8211; Las Fuerzas Armadas han continuado sus operativos militares contra las bandas terroristas en varias zonas del pa\u00eds. Rif Dimashq Seg\u00fan inform\u00f3 una fuente militar, unidades militares retomaron el control sobre en el poblado de Herira en Wadi Barada, tras acabar con un n\u00famero de terroristas y destruir tres carros blindados, dos ca\u00f1ones y &hellip;<\/p>\n","protected":false},"author":1,"featured_media":47534,"comment_status":"closed","ping_status":"closed","sticky":false,"template":"","format":"standard","meta":{"footnotes":""},"categories":[573,583,7541],"tags":[8571],"class_list":["post-47533","post","type-post","status-publish","format-standard","has-post-thumbnail","","category-la-realidad-de-los-acontecimientos-en-siria","category-slide","category-ultimas-noticias","tag-ejercito"],"_links":{"self":[{"href":"https:\/\/archive.sana.sy\/es\/index.php?rest_route=\/wp\/v2\/posts\/47533"}],"collection":[{"href":"https:\/\/archive.sana.sy\/es\/index.php?rest_route=\/wp\/v2\/posts"}],"about":[{"href":"https:\/\/archive.sana.sy\/es\/index.php?rest_route=\/wp\/v2\/types\/post"}],"author":[{"embeddable":true,"href":"https:\/\/archive.sana.sy\/es\/index.php?rest_route=\/wp\/v2\/users\/1"}],"replies":[{"embeddable":true,"href":"https:\/\/archive.sana.sy\/es\/index.php?rest_route=%2Fwp%2Fv2%2Fcomments&post=47533"}],"version-history":[{"count":0,"href":"https:\/\/archive.sana.sy\/es\/index.php?rest_route=\/wp\/v2\/posts\/47533\/revisions"}],"wp:featuredmedia":[{"embeddable":true,"href":"https:\/\/archive.sana.sy\/es\/index.php?rest_route=\/wp\/v2\/media\/47534"}],"wp:attachment":[{"href":"https:\/\/archive.sana.sy\/es\/index.php?rest_route=%2Fwp%2Fv2%2Fmedia&parent=47533"}],"wp:term":[{"taxonomy":"category","embeddable":true,"href":"https:\/\/archive.sana.sy\/es\/index.php?rest_route=%2Fwp%2Fv2%2Fcategories&post=47533"},{"taxonomy":"post_tag","embeddable":true,"href":"https:\/\/archive.sana.sy\/es\/index.php?rest_route=%2Fwp%2Fv2%2Ftags&post=47533"}],"curies":[{"name":"wp","href":"https:\/\/api.w.org\/{rel}","templated":true}]}}