{"id":47570,"date":"2016-07-22T15:53:44","date_gmt":"2016-07-22T12:53:44","guid":{"rendered":"http:\/\/www.sana.sy\/es\/?p=47570"},"modified":"2016-07-22T15:53:44","modified_gmt":"2016-07-22T12:53:44","slug":"aviacion-militar-iraqui-acaba-con-decenas-de-terroristas-del-ei-en-al-anbar-y-saladino","status":"publish","type":"post","link":"https:\/\/archive.sana.sy\/es\/?p=47570","title":{"rendered":"Aviaci\u00f3n militar iraqu\u00ed acaba con decenas de terroristas del EI en Al Anbar y Saladino"},"content":{"rendered":"<p style=\"text-align: justify\"><span style=\"color: #800000\">Bagdad, SANA<\/span>&#8211; El comandante de las operaciones de Al Anbar, Maj. Ismael Mahalawy, anunci\u00f3 la destrucci\u00f3n de cuatro sedes de la organizaci\u00f3n terrorista &#8220;Daesh&#8221; al norte de Ramadi.<\/p>\n<p style=\"text-align: justify\">&#8220;La aviaci\u00f3n militar iraqu\u00ed bombarde\u00f3 cuatro sedes de Daesh en la zona Albually al-Jassim, al norte de Ramadi, destruy\u00e9ndolas por completo y matando a decenas de terroristas&#8221;, dijo Mahalawy en una declaraci\u00f3n a la agencia iraqu\u00ed de noticias.<\/p>\n<p style=\"text-align: justify\">En el mismo contexto, los cazas de combate iraqu\u00edes dirigieron una serie de ataques a\u00e9reos contra agrupaciones del EI en la zona de al-Shej, \u00a0al sur de al-Sharkat en Saladino, donde un n\u00famero de integrantes del EI fueron eliminados junto con sus pertrechos b\u00e9licos, agreg\u00f3 la fuente.<\/p>\n<p>M.Miri<\/p>\n","protected":false},"excerpt":{"rendered":"<p>Bagdad, SANA&#8211; El comandante de las operaciones de Al Anbar, Maj. Ismael Mahalawy, anunci\u00f3 la destrucci\u00f3n de cuatro sedes de la organizaci\u00f3n terrorista &#8220;Daesh&#8221; al norte de Ramadi. &#8220;La aviaci\u00f3n militar iraqu\u00ed bombarde\u00f3 cuatro sedes de Daesh en la zona Albually al-Jassim, al norte de Ramadi, destruy\u00e9ndolas por completo y matando a decenas de terroristas&#8221;, &hellip;<\/p>\n","protected":false},"author":1,"featured_media":25312,"comment_status":"closed","ping_status":"closed","sticky":false,"template":"","format":"standard","meta":{"footnotes":""},"categories":[456,457,7541],"tags":[5835],"class_list":["post-47570","post","type-post","status-publish","format-standard","has-post-thumbnail","","category-arabe-internacional-politica","category-noticias-arabe-internacional-politica","category-ultimas-noticias","tag-iraq"],"_links":{"self":[{"href":"https:\/\/archive.sana.sy\/es\/index.php?rest_route=\/wp\/v2\/posts\/47570"}],"collection":[{"href":"https:\/\/archive.sana.sy\/es\/index.php?rest_route=\/wp\/v2\/posts"}],"about":[{"href":"https:\/\/archive.sana.sy\/es\/index.php?rest_route=\/wp\/v2\/types\/post"}],"author":[{"embeddable":true,"href":"https:\/\/archive.sana.sy\/es\/index.php?rest_route=\/wp\/v2\/users\/1"}],"replies":[{"embeddable":true,"href":"https:\/\/archive.sana.sy\/es\/index.php?rest_route=%2Fwp%2Fv2%2Fcomments&post=47570"}],"version-history":[{"count":0,"href":"https:\/\/archive.sana.sy\/es\/index.php?rest_route=\/wp\/v2\/posts\/47570\/revisions"}],"wp:featuredmedia":[{"embeddable":true,"href":"https:\/\/archive.sana.sy\/es\/index.php?rest_route=\/wp\/v2\/media\/25312"}],"wp:attachment":[{"href":"https:\/\/archive.sana.sy\/es\/index.php?rest_route=%2Fwp%2Fv2%2Fmedia&parent=47570"}],"wp:term":[{"taxonomy":"category","embeddable":true,"href":"https:\/\/archive.sana.sy\/es\/index.php?rest_route=%2Fwp%2Fv2%2Fcategories&post=47570"},{"taxonomy":"post_tag","embeddable":true,"href":"https:\/\/archive.sana.sy\/es\/index.php?rest_route=%2Fwp%2Fv2%2Ftags&post=47570"}],"curies":[{"name":"wp","href":"https:\/\/api.w.org\/{rel}","templated":true}]}}