{"id":47743,"date":"2016-07-24T21:01:03","date_gmt":"2016-07-24T18:01:03","guid":{"rendered":"http:\/\/www.sana.sy\/es\/?p=47743"},"modified":"2016-07-24T21:01:03","modified_gmt":"2016-07-24T18:01:03","slug":"protestas-en-estambul-en-rechazo-al-estado-de-emergencia-declarado-por-el-regimen-turco","status":"publish","type":"post","link":"https:\/\/archive.sana.sy\/es\/?p=47743","title":{"rendered":"Protestas en Estambul en rechazo  al Estado de Emergencia declarado por el R\u00e9gimen Turco"},"content":{"rendered":"<p>Estambul- SANA<\/p>\n<p>La plaza Taksim, en el centro de Estambul, fue escenario de protestas multitudinarias para condenar la decisi\u00f3n del presidente del R\u00e9gimen Turco, Recep Tayyib Erdogan, en declarar el Estado de Emergencia en el pa\u00eds, bajo el pretexto del intento de golpe de Estado.<\/p>\n<p>\u201cDefendemos la Rep\u00fablica y la Democracia\u201d, \u201cLa soberan\u00eda es del pueblo y sin condiciones\u201d, \u201cNo a la dictadura\u201d, fueron lemas de pancartas llevadas por los manifestantes, adem\u00e1s de alzar fotos del fundador de la Rep\u00fablica Turca Laica, Mustafa Kemal Ataturk.<\/p>\n<p>Un estado de ansiedad\u00a0es lo que domina a los manifestantes despu\u00e9s de declarar el Estado de Emergencia, donde hubo pancartas en las que se escribi\u00f3 \u201cSomos los soldados de Mustafa Kemal Ataturk\u201d, \u201cEl partido de Justicia y Desarrollo es ladr\u00f3n y asesino\u201d.<\/p>\n<p>El presidente del R\u00e9gimen Turco se aprovecha del golpe de Estado fallido para detener y destituir a decenas de miles, de oficiales y soldados del Ej\u00e9rcito, de acad\u00e9micos y profesores, y de funcionarios. Y recientemente declar\u00f3 el Estado de Emergencia en el pa\u00eds, que viene en el marco de su pol\u00edtica represiva que amenaza a todos los espectros del pueblo turco, y sobre todo a la oposici\u00f3n.<\/p>\n<p>&nbsp;<br \/>\nAkram. S<\/p>\n","protected":false},"excerpt":{"rendered":"<p>Estambul- SANA La plaza Taksim, en el centro de Estambul, fue escenario de protestas multitudinarias para condenar la decisi\u00f3n del presidente del R\u00e9gimen Turco, Recep Tayyib Erdogan, en declarar el Estado de Emergencia en el pa\u00eds, bajo el pretexto del intento de golpe de Estado. \u201cDefendemos la Rep\u00fablica y la Democracia\u201d, \u201cLa soberan\u00eda es del &hellip;<\/p>\n","protected":false},"author":1,"featured_media":47744,"comment_status":"closed","ping_status":"closed","sticky":false,"template":"","format":"standard","meta":{"footnotes":""},"categories":[597,456,7541],"tags":[],"class_list":["post-47743","post","type-post","status-publish","format-standard","has-post-thumbnail","","category-cinta-de-noticias","category-arabe-internacional-politica","category-ultimas-noticias"],"_links":{"self":[{"href":"https:\/\/archive.sana.sy\/es\/index.php?rest_route=\/wp\/v2\/posts\/47743"}],"collection":[{"href":"https:\/\/archive.sana.sy\/es\/index.php?rest_route=\/wp\/v2\/posts"}],"about":[{"href":"https:\/\/archive.sana.sy\/es\/index.php?rest_route=\/wp\/v2\/types\/post"}],"author":[{"embeddable":true,"href":"https:\/\/archive.sana.sy\/es\/index.php?rest_route=\/wp\/v2\/users\/1"}],"replies":[{"embeddable":true,"href":"https:\/\/archive.sana.sy\/es\/index.php?rest_route=%2Fwp%2Fv2%2Fcomments&post=47743"}],"version-history":[{"count":0,"href":"https:\/\/archive.sana.sy\/es\/index.php?rest_route=\/wp\/v2\/posts\/47743\/revisions"}],"wp:featuredmedia":[{"embeddable":true,"href":"https:\/\/archive.sana.sy\/es\/index.php?rest_route=\/wp\/v2\/media\/47744"}],"wp:attachment":[{"href":"https:\/\/archive.sana.sy\/es\/index.php?rest_route=%2Fwp%2Fv2%2Fmedia&parent=47743"}],"wp:term":[{"taxonomy":"category","embeddable":true,"href":"https:\/\/archive.sana.sy\/es\/index.php?rest_route=%2Fwp%2Fv2%2Fcategories&post=47743"},{"taxonomy":"post_tag","embeddable":true,"href":"https:\/\/archive.sana.sy\/es\/index.php?rest_route=%2Fwp%2Fv2%2Ftags&post=47743"}],"curies":[{"name":"wp","href":"https:\/\/api.w.org\/{rel}","templated":true}]}}