{"id":47746,"date":"2016-07-24T21:30:47","date_gmt":"2016-07-24T18:30:47","guid":{"rendered":"http:\/\/www.sana.sy\/es\/?p=47746"},"modified":"2016-07-24T21:30:47","modified_gmt":"2016-07-24T18:30:47","slug":"abdollahian-dice-que-teheran-y-moscu-continuan-su-apoyo-a-siria-frente-al-terrorismo","status":"publish","type":"post","link":"https:\/\/archive.sana.sy\/es\/?p=47746","title":{"rendered":"Abdollahian dice que Teher\u00e1n y Mosc\u00fa contin\u00faan su apoyo a Siria frente al terrorismo"},"content":{"rendered":"<p><span style=\"color: #800000;\">Teher\u00e1n- SANA<\/span><\/p>\n<p>El asesor del presidente del Consejo de la Shura iran\u00ed para los asuntos internacionales, Hussein Amir Abdollahian, afirm\u00f3 que su pa\u00eds seguir\u00e1 colaborando con Rusia para apoyar a Siria frente al terrorismo.<\/p>\n<p>\u201cTeher\u00e1n y Mosc\u00fa seguir\u00e1n colaborando en la lucha contra el terrorismo y en apoyar a Siria, y los parlamentos del mundo, de pa\u00edses isl\u00e1micos y de Europa, deben jugar un rol importante en apoyar los esfuerzos de luchar contra el terrorismo\u201d, dijo el diplom\u00e1tico iran\u00ed.<br \/>\nEn el mismo contexto, enfatiz\u00f3 la necesidad de que todos los pa\u00edses empleen los esfuerzos diplom\u00e1ticos, con el fin de instaurar la paz y la seguridad en la regi\u00f3n, criticando, a la vez, a algunos pa\u00edses que apoyan al terrorismo y obstaculizan la paz y luchar contra el terrorismo con m\u00e1s seriedad.<br \/>\nAkram. S<\/p>\n","protected":false},"excerpt":{"rendered":"<p>Teher\u00e1n- SANA El asesor del presidente del Consejo de la Shura iran\u00ed para los asuntos internacionales, Hussein Amir Abdollahian, afirm\u00f3 que su pa\u00eds seguir\u00e1 colaborando con Rusia para apoyar a Siria frente al terrorismo. \u201cTeher\u00e1n y Mosc\u00fa seguir\u00e1n colaborando en la lucha contra el terrorismo y en apoyar a Siria, y los parlamentos del mundo, &hellip;<\/p>\n","protected":false},"author":1,"featured_media":47747,"comment_status":"closed","ping_status":"closed","sticky":false,"template":"","format":"standard","meta":{"footnotes":""},"categories":[597,456,7541],"tags":[],"class_list":["post-47746","post","type-post","status-publish","format-standard","has-post-thumbnail","","category-cinta-de-noticias","category-arabe-internacional-politica","category-ultimas-noticias"],"_links":{"self":[{"href":"https:\/\/archive.sana.sy\/es\/index.php?rest_route=\/wp\/v2\/posts\/47746"}],"collection":[{"href":"https:\/\/archive.sana.sy\/es\/index.php?rest_route=\/wp\/v2\/posts"}],"about":[{"href":"https:\/\/archive.sana.sy\/es\/index.php?rest_route=\/wp\/v2\/types\/post"}],"author":[{"embeddable":true,"href":"https:\/\/archive.sana.sy\/es\/index.php?rest_route=\/wp\/v2\/users\/1"}],"replies":[{"embeddable":true,"href":"https:\/\/archive.sana.sy\/es\/index.php?rest_route=%2Fwp%2Fv2%2Fcomments&post=47746"}],"version-history":[{"count":0,"href":"https:\/\/archive.sana.sy\/es\/index.php?rest_route=\/wp\/v2\/posts\/47746\/revisions"}],"wp:featuredmedia":[{"embeddable":true,"href":"https:\/\/archive.sana.sy\/es\/index.php?rest_route=\/wp\/v2\/media\/47747"}],"wp:attachment":[{"href":"https:\/\/archive.sana.sy\/es\/index.php?rest_route=%2Fwp%2Fv2%2Fmedia&parent=47746"}],"wp:term":[{"taxonomy":"category","embeddable":true,"href":"https:\/\/archive.sana.sy\/es\/index.php?rest_route=%2Fwp%2Fv2%2Fcategories&post=47746"},{"taxonomy":"post_tag","embeddable":true,"href":"https:\/\/archive.sana.sy\/es\/index.php?rest_route=%2Fwp%2Fv2%2Ftags&post=47746"}],"curies":[{"name":"wp","href":"https:\/\/api.w.org\/{rel}","templated":true}]}}