{"id":47750,"date":"2016-07-24T22:41:09","date_gmt":"2016-07-24T19:41:09","guid":{"rendered":"http:\/\/www.sana.sy\/es\/?p=47750"},"modified":"2016-07-24T22:41:09","modified_gmt":"2016-07-24T19:41:09","slug":"la-policia-alemana-arresta-a-un-refugiado-que-mato-a-una-mujer-con-un-machete","status":"publish","type":"post","link":"https:\/\/archive.sana.sy\/es\/?p=47750","title":{"rendered":"La Polic\u00eda alemana arresta a un refugiado que mat\u00f3 a una mujer con un machete"},"content":{"rendered":"<p><span style=\"color: #800000;\">Berl\u00edn-SANA<\/span><\/p>\n<p>Un armado con machete mata a una mujer y hiere a otras dos personas en la ciudad de Reutlingen, al sur de Alemania.<\/p>\n<p>&#8220;No hay evidencias de que el ataque fue por motivos terroristas, pero el asesino tiene antecedentes policiales, se\u00f1alaron fuentes policiales en la ciudad.<\/p>\n<p>El agresor fue detenido. Es un refugiado sirio, de 21 a\u00f1os de edad, particip\u00f3 anteriormente en acotos similares causando heridas, seg\u00fan inform\u00f3 un portavoz de polic\u00eda, sin dar m\u00e1s detalles sobre su llegada a Alemania.<\/p>\n<p>La polic\u00eda descarta que otras personas est\u00e9n implicadas en el ataque, y no hay peligro de la presencia de otra persona en este tiempo.<\/p>\n<p>&nbsp;<br \/>\nAkram. s<\/p>\n","protected":false},"excerpt":{"rendered":"<p>Berl\u00edn-SANA Un armado con machete mata a una mujer y hiere a otras dos personas en la ciudad de Reutlingen, al sur de Alemania. &#8220;No hay evidencias de que el ataque fue por motivos terroristas, pero el asesino tiene antecedentes policiales, se\u00f1alaron fuentes policiales en la ciudad. El agresor fue detenido. Es un refugiado sirio, &hellip;<\/p>\n","protected":false},"author":1,"featured_media":47752,"comment_status":"closed","ping_status":"closed","sticky":false,"template":"","format":"standard","meta":{"footnotes":""},"categories":[456,7541],"tags":[],"class_list":["post-47750","post","type-post","status-publish","format-standard","has-post-thumbnail","","category-arabe-internacional-politica","category-ultimas-noticias"],"_links":{"self":[{"href":"https:\/\/archive.sana.sy\/es\/index.php?rest_route=\/wp\/v2\/posts\/47750"}],"collection":[{"href":"https:\/\/archive.sana.sy\/es\/index.php?rest_route=\/wp\/v2\/posts"}],"about":[{"href":"https:\/\/archive.sana.sy\/es\/index.php?rest_route=\/wp\/v2\/types\/post"}],"author":[{"embeddable":true,"href":"https:\/\/archive.sana.sy\/es\/index.php?rest_route=\/wp\/v2\/users\/1"}],"replies":[{"embeddable":true,"href":"https:\/\/archive.sana.sy\/es\/index.php?rest_route=%2Fwp%2Fv2%2Fcomments&post=47750"}],"version-history":[{"count":0,"href":"https:\/\/archive.sana.sy\/es\/index.php?rest_route=\/wp\/v2\/posts\/47750\/revisions"}],"wp:featuredmedia":[{"embeddable":true,"href":"https:\/\/archive.sana.sy\/es\/index.php?rest_route=\/wp\/v2\/media\/47752"}],"wp:attachment":[{"href":"https:\/\/archive.sana.sy\/es\/index.php?rest_route=%2Fwp%2Fv2%2Fmedia&parent=47750"}],"wp:term":[{"taxonomy":"category","embeddable":true,"href":"https:\/\/archive.sana.sy\/es\/index.php?rest_route=%2Fwp%2Fv2%2Fcategories&post=47750"},{"taxonomy":"post_tag","embeddable":true,"href":"https:\/\/archive.sana.sy\/es\/index.php?rest_route=%2Fwp%2Fv2%2Ftags&post=47750"}],"curies":[{"name":"wp","href":"https:\/\/api.w.org\/{rel}","templated":true}]}}