{"id":47761,"date":"2016-07-25T14:10:40","date_gmt":"2016-07-25T11:10:40","guid":{"rendered":"http:\/\/www.sana.sy\/es\/?p=47761"},"modified":"2016-07-25T18:18:47","modified_gmt":"2016-07-25T15:18:47","slug":"ejercito-bombardea-y-destruye-a-tres-sedes-de-los-terroristas-del-frente-al-nousra-en-deraa","status":"publish","type":"post","link":"https:\/\/archive.sana.sy\/es\/?p=47761","title":{"rendered":"Ej\u00e9rcito bombardea y destruye a tres sedes de los terroristas del Frente al Nousra en Deraa"},"content":{"rendered":"<p style=\"text-align: justify\"><span style=\"color: #800000\">Provicnias, SANA<\/span><\/p>\n<p style=\"text-align: justify\">Unidades del Ej\u00e9rcito y las Fuerzas Armadas han continuado sus operativos antiterroristas en los que asestaron duros golpes a los grupos terroristas.<\/p>\n<p style=\"text-align: justify\">Una fuente militar anunci\u00f3 que una unidad del Ej\u00e9rcito destruy\u00f3 este lunes a tres sedes del grupo terrorista &#8220;Frente al Nousra&#8221;, en el poblado de Yadodeh en el campo oeste de la provincia de Deraa, en el sur del pa\u00eds.<\/p>\n<p>Asimismo operativos de las fuerzas armadas contra centros de concentraci\u00f3n y focos de terroristas del frente Al-Nusra \u00a0en Deraa Balad y Mahata resultaron en la destrucci\u00f3n de un lanzamisiles m\u00faltiples y la muerte de \u00a0su tripulaci\u00f3n, adem\u00e1s de \u00a0la devastaci\u00f3n de varios veh\u00edculos equipados con ametralladoras.<\/p>\n<p style=\"text-align: justify\"><span style=\"color: #0000ff\">Deir Ezzor<\/span><\/p>\n<p style=\"text-align: justify\">Asimismo, las FFAA lanzaron durante las \u00faltimas 24 horas intensos operativos contra posiciones de la organizaci\u00f3n terrorista del Estado Isl\u00e1mico en la provincia nororiental de Deir Ezzor.<\/p>\n<p style=\"text-align: justify\">Una fuente en el terreno precis\u00f3 que unidades del ej\u00e9rcito sirio destruy\u00f3 una fortificaci\u00f3n de los terroristas del EI en el pueblo de al-Yafra, as\u00ed como dejaron muertos y heridos entre las filas de dicha organizaci\u00f3n terrorista en Huaiyat Saker en el campo este de Deir Ezzor.<\/p>\n<p style=\"text-align: justify\">En la ciudad de Deir Ezzor, los uniformados sirios aniquilaron un sede de los terroristas del EI en el barrio de al-Urfi, y un veh\u00edculo que realizaba obras de fortificaci\u00f3n en el barrio de al-Ybeili, seg\u00fan la misma fuente.<\/p>\n<p><span style=\"color: #0000ff\">Alepo<\/span><\/p>\n<p>Una fuente militar ha anunciado que el ej\u00e9rcito realiz\u00f3 una serie de operativos en la zona de Lieramoun en los cuales recuper\u00f3 el control de 33 bloques residenciales y una f\u00e1brica, tras eliminar a un n\u00famero indeterminado de terroristas, mientras decenas de terroristas se dieron a la fuga hacia Turqu\u00eda.<\/p>\n<p>La fuente agreg\u00f3 que unidades de las fuerzas armadas contin\u00faan repeliendo ataques de terroristas contra sus puntos militares y zonas donde hay civiles en Alepo<\/p>\n<p><span style=\"color: #0000ff\">Homs<\/span><\/p>\n<p>Aviones de combate de las fuerzas a\u00e9reas sirias llevaron a cabo incursiones contra centros de concentraci\u00f3n y fortines de la organizaci\u00f3n terrorista de DAESH en las inmediaciones de los yacimientos petrol\u00edfero de Shaaer y Yazal y en el poblado e Khanifis en el campo este de la provincia.<\/p>\n<p>Seg\u00fan una fuente militar los ataques a\u00e9reos terminaron con la destrucci\u00f3n de sedes y veh\u00edculos de terroristas, se\u00f1alando que algunos de los veh\u00edculos devastados estaban cargados con terroristas y municiones o equipados con ametralladoras.<\/p>\n<p><span style=\"color: #0000ff\">Hama<\/span><\/p>\n<p>Aviones de Las fuerzas a\u00e9reas tambi\u00e9n atacaron posiciones de DAESH al norte y este del poblado de Mfakar y en el poblado de Abu Hanya, Salamieh. Las incursiones resultaron en la destrucci\u00f3n de sedes y veh\u00edculos equipados con ametralladoras de esta organizaci\u00f3n terrorista.<\/p>\n<p>Mientras el ej\u00e9rcito arras\u00f3 con un coche que transportaba terroristas en la carretera Athreya-Khanaser.<\/p>\n<p style=\"text-align: justify\"><span style=\"color: #0000ff\">Fady M., Hala B.-Y.K.<\/span><\/p>\n","protected":false},"excerpt":{"rendered":"<p>Provicnias, SANA Unidades del Ej\u00e9rcito y las Fuerzas Armadas han continuado sus operativos antiterroristas en los que asestaron duros golpes a los grupos terroristas. Una fuente militar anunci\u00f3 que una unidad del Ej\u00e9rcito destruy\u00f3 este lunes a tres sedes del grupo terrorista &#8220;Frente al Nousra&#8221;, en el poblado de Yadodeh en el campo oeste de &hellip;<\/p>\n","protected":false},"author":1,"featured_media":47762,"comment_status":"closed","ping_status":"closed","sticky":false,"template":"","format":"standard","meta":{"footnotes":""},"categories":[573,583],"tags":[8927],"class_list":["post-47761","post","type-post","status-publish","format-standard","has-post-thumbnail","","category-la-realidad-de-los-acontecimientos-en-siria","category-slide","tag-ejercito-bombardea-y-destruye-a-tres-sedes-de-los-terroristas-del-frente-al-nousra-en-deraa"],"_links":{"self":[{"href":"https:\/\/archive.sana.sy\/es\/index.php?rest_route=\/wp\/v2\/posts\/47761"}],"collection":[{"href":"https:\/\/archive.sana.sy\/es\/index.php?rest_route=\/wp\/v2\/posts"}],"about":[{"href":"https:\/\/archive.sana.sy\/es\/index.php?rest_route=\/wp\/v2\/types\/post"}],"author":[{"embeddable":true,"href":"https:\/\/archive.sana.sy\/es\/index.php?rest_route=\/wp\/v2\/users\/1"}],"replies":[{"embeddable":true,"href":"https:\/\/archive.sana.sy\/es\/index.php?rest_route=%2Fwp%2Fv2%2Fcomments&post=47761"}],"version-history":[{"count":0,"href":"https:\/\/archive.sana.sy\/es\/index.php?rest_route=\/wp\/v2\/posts\/47761\/revisions"}],"wp:featuredmedia":[{"embeddable":true,"href":"https:\/\/archive.sana.sy\/es\/index.php?rest_route=\/wp\/v2\/media\/47762"}],"wp:attachment":[{"href":"https:\/\/archive.sana.sy\/es\/index.php?rest_route=%2Fwp%2Fv2%2Fmedia&parent=47761"}],"wp:term":[{"taxonomy":"category","embeddable":true,"href":"https:\/\/archive.sana.sy\/es\/index.php?rest_route=%2Fwp%2Fv2%2Fcategories&post=47761"},{"taxonomy":"post_tag","embeddable":true,"href":"https:\/\/archive.sana.sy\/es\/index.php?rest_route=%2Fwp%2Fv2%2Ftags&post=47761"}],"curies":[{"name":"wp","href":"https:\/\/api.w.org\/{rel}","templated":true}]}}