{"id":47764,"date":"2016-07-25T14:47:38","date_gmt":"2016-07-25T11:47:38","guid":{"rendered":"http:\/\/www.sana.sy\/es\/?p=47764"},"modified":"2016-07-25T18:41:45","modified_gmt":"2016-07-25T15:41:45","slug":"ministro-del-interior-la-lucha-contra-la-delincuencia-es-parte-de-la-guerra-que-siria-libera","status":"publish","type":"post","link":"https:\/\/archive.sana.sy\/es\/?p=47764","title":{"rendered":"Gobierno desarrolla un plan para mejorar los cultivos estrat\u00e9gicos"},"content":{"rendered":"<p style=\"text-align: justify\"><span style=\"color: #800000\">Damasco, SANA<\/span><\/p>\n<p><strong>La Asamblea del Pueblo ha comenzado su VIII sesi\u00f3n \u2013del I ciclo ordinario del II periodo legislativo- encabezada por la Dra. Hadiya Abbas para debatir la declaraci\u00f3n ministerial del nuevo gabinete y su plan de acci\u00f3n para la pr\u00f3xima etapa, a la cual sesi\u00f3n asiste el presidente del Consejo de Ministros y los miembros del ejecutivo. <\/strong><\/p>\n<p><strong>\u00a0<\/strong><\/p>\n<p><strong>La jefa del parlamento afirm\u00f3 que los ciudadanos albergan grandes esperanzas en el Nuevo gobierno lo cual le exige redoblar los esfuerzos e inventar soluciones para sobrellevar las circunstancias por las que atravesamos. <\/strong><\/p>\n<p><strong>Abbas dijo que el primer paso hacia el \u00e9xito se da con la primac\u00eda de la ley y la igualdad de los ciudadanos ante la misma y asegur\u00f3 que el Legislativo esta dispuesto a cooperar con el Ejecutivo por la promulgaci\u00f3n de leyes al servicio de la patria y el ciudadano. <\/strong><\/p>\n<p><strong>Por su parte el presidente del Consejo de Ministros, Ing. Imad Khamis, confirm\u00f3 que en medio de las condiciones excepcionales en que vivimos el gobierno equilibrar\u00e1 la ecuaci\u00f3n entre los costos del enfrentamiento al terrorismo por una parte y la mejora del nivel de vida de los ciudadanos por la otra, as\u00ed como ser\u00e1n creados oportunidades de trabajo por m\u00faltiples medios, entre ellos dar est\u00edmulo a los proyectos peque\u00f1os y medianos y microproyectos. <\/strong><\/p>\n<p style=\"text-align: justify\"><span style=\"color: #0000ff\"><b><span lang=\"ES-TRAD\">Ministro del Interior: la lucha contra la delincuencia es parte de la guerra que Siria libera<\/span><\/b><\/span><\/p>\n<p style=\"text-align: justify\">La Asamblea del Pueblo celebr\u00f3 su s\u00e9ptima sesi\u00f3n de su segundo periodo legislativo, la cual fue dedicada a debatir los diferentes aspectos de la labor del Ministerio del Interior.<\/p>\n<p style=\"text-align: justify\">Las intervenciones de los diputados se centraron en las medidas que deber\u00eda tomar el Ministerio para impedir la propagaci\u00f3n del fen\u00f3meno de los secuestros en algunas zonas, as\u00ed como resolver el problema del retraso en la emisi\u00f3n de las tarjetas de identidad y los pasaportes.<\/p>\n<p style=\"text-align: justify\">Algunos diputados exigieron la creaci\u00f3n de nuevas estaciones de polic\u00eda e impedir los casos de disparos al azar y el fen\u00f3meno de los coches irregulares.<\/p>\n<p style=\"text-align: justify\">Pidieron adem\u00e1s garantizar protecci\u00f3n a las ciudades industriales en la provincia de Alepo y formar un \u00f3rgano en el Ministerio que se encarga de dar seguimiento a los casos de los secuestrados.<\/p>\n<p style=\"text-align: justify\">El ministro del Interior, el mayor general Mohammad al-Shaar, respondi\u00f3 a las preguntas de los diputados y afirm\u00f3 que la labor del Ministerio del Interior abarca hoy en d\u00eda tres \u00e1reas y aspectos, y son: el combativo, el penal, de seguridad y el de servicios.<\/p>\n<p style=\"text-align: justify\">Indic\u00f3 que &#8220;Siria libera una guerra en la que participan decenas de miles de terroristas procedentes de m\u00e1s de cien pa\u00edses&#8221;, indicando que las fuerzas de seguridad internas fueron los primeros que sufrieron de los ataques terroristas armados.<\/p>\n<p style=\"text-align: justify\">Asimismo, destac\u00f3 que la lucha contra la delincuencia y su tratamiento es parte de la guerra que libera Siria, destacando que la delincuencia y el aumento del crimen se debe a la guerra.<\/p>\n<p style=\"text-align: justify\">Indic\u00f3 que el principal problema de Siria consiste en las largas fronteras que aprovechan los terroristas para cruzar desde Turqu\u00eda y Jordania, revelando que es dif\u00edcil por el momento controlar esas fronteras.<\/p>\n<p style=\"text-align: justify\">Por otro lado, explic\u00f3 que todas las tarjetas de identidad y los pasaportes que cayeron en manos de las bandas armadas son registrados por el Ministerio y fueron enviadas al Interpol y a todas las embajadas sirias en los pa\u00edses del mundo y tambi\u00e9n a los pa\u00edses amigos.<\/p>\n<p style=\"text-align: justify\"><span style=\"color: #0000ff\">Fady M., Riad Sh., Hala B.<\/span><\/p>\n","protected":false},"excerpt":{"rendered":"<p>Damasco, SANA La Asamblea del Pueblo ha comenzado su VIII sesi\u00f3n \u2013del I ciclo ordinario del II periodo legislativo- encabezada por la Dra. Hadiya Abbas para debatir la declaraci\u00f3n ministerial del nuevo gabinete y su plan de acci\u00f3n para la pr\u00f3xima etapa, a la cual sesi\u00f3n asiste el presidente del Consejo de Ministros y los &hellip;<\/p>\n","protected":false},"author":1,"featured_media":47765,"comment_status":"closed","ping_status":"closed","sticky":false,"template":"","format":"standard","meta":{"footnotes":""},"categories":[477,597,476,576,583,7541],"tags":[8928],"class_list":["post-47764","post","type-post","status-publish","format-standard","has-post-thumbnail","","category-noticias-edulcorantes","category-cinta-de-noticias","category-locales","category-noticias-politicas","category-slide","category-ultimas-noticias","tag-ministro-del-interior-la-lucha-contra-la-delincuencia-es-parte-de-la-guerra-que-siria-libera"],"_links":{"self":[{"href":"https:\/\/archive.sana.sy\/es\/index.php?rest_route=\/wp\/v2\/posts\/47764"}],"collection":[{"href":"https:\/\/archive.sana.sy\/es\/index.php?rest_route=\/wp\/v2\/posts"}],"about":[{"href":"https:\/\/archive.sana.sy\/es\/index.php?rest_route=\/wp\/v2\/types\/post"}],"author":[{"embeddable":true,"href":"https:\/\/archive.sana.sy\/es\/index.php?rest_route=\/wp\/v2\/users\/1"}],"replies":[{"embeddable":true,"href":"https:\/\/archive.sana.sy\/es\/index.php?rest_route=%2Fwp%2Fv2%2Fcomments&post=47764"}],"version-history":[{"count":0,"href":"https:\/\/archive.sana.sy\/es\/index.php?rest_route=\/wp\/v2\/posts\/47764\/revisions"}],"wp:featuredmedia":[{"embeddable":true,"href":"https:\/\/archive.sana.sy\/es\/index.php?rest_route=\/wp\/v2\/media\/47765"}],"wp:attachment":[{"href":"https:\/\/archive.sana.sy\/es\/index.php?rest_route=%2Fwp%2Fv2%2Fmedia&parent=47764"}],"wp:term":[{"taxonomy":"category","embeddable":true,"href":"https:\/\/archive.sana.sy\/es\/index.php?rest_route=%2Fwp%2Fv2%2Fcategories&post=47764"},{"taxonomy":"post_tag","embeddable":true,"href":"https:\/\/archive.sana.sy\/es\/index.php?rest_route=%2Fwp%2Fv2%2Ftags&post=47764"}],"curies":[{"name":"wp","href":"https:\/\/api.w.org\/{rel}","templated":true}]}}