{"id":47775,"date":"2016-07-25T15:10:57","date_gmt":"2016-07-25T12:10:57","guid":{"rendered":"http:\/\/www.sana.sy\/es\/?p=47775"},"modified":"2016-07-26T16:16:05","modified_gmt":"2016-07-26T13:16:05","slug":"putin-llama-a-la-liga-de-los-estados-arabes-luchar-contra-el-terrorismo-internacional","status":"publish","type":"post","link":"https:\/\/archive.sana.sy\/es\/?p=47775","title":{"rendered":"Putin llama a la Liga de los Estados \u00c1rabes luchar contra el terrorismo internacional"},"content":{"rendered":"<p style=\"text-align: justify\"><span style=\"color: #800000\">Mosc\u00fa, SANA<\/span><\/p>\n<p style=\"text-align: justify\">El presidente ruso, Vladmir Putin, inst\u00f3 a la Liga de los Estados \u00c1rabes (LEA) luchar contra el terrorismo en paralelo con los esfuerzos conjuntos encaminados a buscar soluciones de las crisis en Sira, Irak, Libia e Yemen.<\/p>\n<p style=\"text-align: justify\">En un mensaje dirigida a la LEA, Putin manifest\u00f3 disposici\u00f3n de su pa\u00eds a reforzar la cooperaci\u00f3n con la misma para garantizar la seguridad de la regi\u00f3n, especialmente en materia de la lucha contra el terrorismo internacional.<\/p>\n<p style=\"text-align: justify\">\u201cPartimos del hecho de que los esfuerzos para enfrentar este mal deben combinarse con los esfuerzos conjuntos dirigidos a dar con una soluci\u00f3n pol\u00edtica de las crisis en Siria, Irak, Libia, Yemen , entre otros focos de tensi\u00f3n, apoy\u00e1ndose en el respeto de la soberan\u00eda y la integridad territorial de todos los pa\u00edses a trav\u00e9s de un di\u00e1logo inclusivo y la b\u00fasqueda de un acuerdo nacional &#8220;, recalc\u00f3 el mandatario ruso.<\/p>\n<p style=\"text-align: justify\">Asimismo dijo que la situaci\u00f3n en Oriente Medio y el Norte de \u00c1frica se ha deteriorado gravemente a lo largo de los \u00faltimos a\u00f1os debido al crecimiento del extremismo y la intolerancia.<\/p>\n<p style=\"text-align: justify\">En cuanto a la causa palestina, el mandatario ruso exigi\u00f3 crear condiciones propicias para la reactivaci\u00f3n de las negociaciones destinadas a llegar a la \u201cPalestina independiente y territorialmente \u00edntegra\u201d.<\/p>\n<p style=\"text-align: justify\"><span style=\"color: #0000ff\">Lynn A., Hala B.<\/span><\/p>\n","protected":false},"excerpt":{"rendered":"<p>Mosc\u00fa, SANA El presidente ruso, Vladmir Putin, inst\u00f3 a la Liga de los Estados \u00c1rabes (LEA) luchar contra el terrorismo en paralelo con los esfuerzos conjuntos encaminados a buscar soluciones de las crisis en Sira, Irak, Libia e Yemen. En un mensaje dirigida a la LEA, Putin manifest\u00f3 disposici\u00f3n de su pa\u00eds a reforzar la &hellip;<\/p>\n","protected":false},"author":1,"featured_media":47776,"comment_status":"closed","ping_status":"closed","sticky":false,"template":"","format":"standard","meta":{"footnotes":""},"categories":[597,456,576,7541],"tags":[8931],"class_list":["post-47775","post","type-post","status-publish","format-standard","has-post-thumbnail","","category-cinta-de-noticias","category-arabe-internacional-politica","category-noticias-politicas","category-ultimas-noticias","tag-putin-llama-a-la-liga-de-los-estados-arabes-luchar-contra-el-terrorismo-internacional"],"_links":{"self":[{"href":"https:\/\/archive.sana.sy\/es\/index.php?rest_route=\/wp\/v2\/posts\/47775"}],"collection":[{"href":"https:\/\/archive.sana.sy\/es\/index.php?rest_route=\/wp\/v2\/posts"}],"about":[{"href":"https:\/\/archive.sana.sy\/es\/index.php?rest_route=\/wp\/v2\/types\/post"}],"author":[{"embeddable":true,"href":"https:\/\/archive.sana.sy\/es\/index.php?rest_route=\/wp\/v2\/users\/1"}],"replies":[{"embeddable":true,"href":"https:\/\/archive.sana.sy\/es\/index.php?rest_route=%2Fwp%2Fv2%2Fcomments&post=47775"}],"version-history":[{"count":0,"href":"https:\/\/archive.sana.sy\/es\/index.php?rest_route=\/wp\/v2\/posts\/47775\/revisions"}],"wp:featuredmedia":[{"embeddable":true,"href":"https:\/\/archive.sana.sy\/es\/index.php?rest_route=\/wp\/v2\/media\/47776"}],"wp:attachment":[{"href":"https:\/\/archive.sana.sy\/es\/index.php?rest_route=%2Fwp%2Fv2%2Fmedia&parent=47775"}],"wp:term":[{"taxonomy":"category","embeddable":true,"href":"https:\/\/archive.sana.sy\/es\/index.php?rest_route=%2Fwp%2Fv2%2Fcategories&post=47775"},{"taxonomy":"post_tag","embeddable":true,"href":"https:\/\/archive.sana.sy\/es\/index.php?rest_route=%2Fwp%2Fv2%2Ftags&post=47775"}],"curies":[{"name":"wp","href":"https:\/\/api.w.org\/{rel}","templated":true}]}}