{"id":47787,"date":"2016-07-25T19:18:17","date_gmt":"2016-07-25T16:18:17","guid":{"rendered":"http:\/\/www.sana.sy\/es\/?p=47787"},"modified":"2016-07-25T19:55:05","modified_gmt":"2016-07-25T16:55:05","slug":"presidenta-de-la-asamblea-nacional-recibe-una-delegacion-griega","status":"publish","type":"post","link":"https:\/\/archive.sana.sy\/es\/?p=47787","title":{"rendered":"Presidenta de la asamblea Nacional recibe una delegaci\u00f3n griega"},"content":{"rendered":"<p>Damasco-SANA<\/p>\n<p>El Presidente de la Asamblea Nacional, Hadiyeh Abbas se reuni\u00f3 hoy lunes con una delegaci\u00f3n griega encabezada por el miembro del Parlamento griego Nikolaos Nikolopoulos.<\/p>\n<p>Abbas examin\u00f3 con los miembros de la delegaci\u00f3n, los medios para mejorar las relaciones parlamentarias entre los dos pa\u00edses, agregando que la visita de la delegaci\u00f3n demuestra la conciencia que tienen sus integrantes de la guerra terrorista desatada contra Siria y la regi\u00f3n que amenaza a sus pueblos y al mundo.<\/p>\n<p>Dijo que \u00a8hoy en d\u00eda Siria y Grecia se enfrentan a amenazas comunes representadas por el terrorismo, la migraci\u00f3n y las olas de refugiados, el caos y la limpieza \u00e9tnica perpetrado por terroristas apoyados por reg\u00edmenes regionales y occidentales, como Turqu\u00eda, Qatar y Arabia Saudita.<\/p>\n<p>Abbas llam\u00f3 a los parlamentarios europeos a presionar a sus gobiernos para que reconsideren su postura de la crisis en Siria y cooperen con Siria para combatir el terrorismo.<\/p>\n<p>Por su parte, Nikolopoulos dijo que la visita de la delegaci\u00f3n tiene como objetivo conocer de cerca la situaci\u00f3n econ\u00f3mica en Siria, haciendo hincapi\u00e9 en que las pol\u00edticas exteriores europeas no expresan las aspiraciones de los pueblos europeos en general y del pueblo griego en particular.<\/p>\n<p><img loading=\"lazy\" decoding=\"async\" class=\"alignnone size-medium wp-image-47793\" src=\"http:\/\/www.sana.sy\/es\/wp-content\/uploads\/2016\/07\/pplc-300x150.jpg\" alt=\"pplc\" width=\"300\" height=\"150\" srcset=\"https:\/\/archive.sana.sy\/es\/wp-content\/uploads\/2016\/07\/pplc-300x150.jpg 300w, https:\/\/archive.sana.sy\/es\/wp-content\/uploads\/2016\/07\/pplc-150x75.jpg 150w, https:\/\/archive.sana.sy\/es\/wp-content\/uploads\/2016\/07\/pplc.jpg 660w\" sizes=\"(max-width: 300px) 100vw, 300px\" \/><\/p>\n<p>En el mismo contexto, Abbas recibi\u00f3 a su beatitud Cris\u00f3stomo II, arzobispo de Chipre y a la delegaci\u00f3n.<\/p>\n<p>Abbas en el encuentro destac\u00f3 la importancia de los religiosos en transmitir la verdadera imagen de lo que ocurre en Siria a los pueblos.<\/p>\n<p>Yamil K.<\/p>\n","protected":false},"excerpt":{"rendered":"<p>Damasco-SANA El Presidente de la Asamblea Nacional, Hadiyeh Abbas se reuni\u00f3 hoy lunes con una delegaci\u00f3n griega encabezada por el miembro del Parlamento griego Nikolaos Nikolopoulos. Abbas examin\u00f3 con los miembros de la delegaci\u00f3n, los medios para mejorar las relaciones parlamentarias entre los dos pa\u00edses, agregando que la visita de la delegaci\u00f3n demuestra la conciencia &hellip;<\/p>\n","protected":false},"author":1,"featured_media":47789,"comment_status":"closed","ping_status":"closed","sticky":false,"template":"","format":"standard","meta":{"footnotes":""},"categories":[477,476,7541],"tags":[],"class_list":["post-47787","post","type-post","status-publish","format-standard","has-post-thumbnail","","category-noticias-edulcorantes","category-locales","category-ultimas-noticias"],"_links":{"self":[{"href":"https:\/\/archive.sana.sy\/es\/index.php?rest_route=\/wp\/v2\/posts\/47787"}],"collection":[{"href":"https:\/\/archive.sana.sy\/es\/index.php?rest_route=\/wp\/v2\/posts"}],"about":[{"href":"https:\/\/archive.sana.sy\/es\/index.php?rest_route=\/wp\/v2\/types\/post"}],"author":[{"embeddable":true,"href":"https:\/\/archive.sana.sy\/es\/index.php?rest_route=\/wp\/v2\/users\/1"}],"replies":[{"embeddable":true,"href":"https:\/\/archive.sana.sy\/es\/index.php?rest_route=%2Fwp%2Fv2%2Fcomments&post=47787"}],"version-history":[{"count":0,"href":"https:\/\/archive.sana.sy\/es\/index.php?rest_route=\/wp\/v2\/posts\/47787\/revisions"}],"wp:featuredmedia":[{"embeddable":true,"href":"https:\/\/archive.sana.sy\/es\/index.php?rest_route=\/wp\/v2\/media\/47789"}],"wp:attachment":[{"href":"https:\/\/archive.sana.sy\/es\/index.php?rest_route=%2Fwp%2Fv2%2Fmedia&parent=47787"}],"wp:term":[{"taxonomy":"category","embeddable":true,"href":"https:\/\/archive.sana.sy\/es\/index.php?rest_route=%2Fwp%2Fv2%2Fcategories&post=47787"},{"taxonomy":"post_tag","embeddable":true,"href":"https:\/\/archive.sana.sy\/es\/index.php?rest_route=%2Fwp%2Fv2%2Ftags&post=47787"}],"curies":[{"name":"wp","href":"https:\/\/api.w.org\/{rel}","templated":true}]}}