{"id":47804,"date":"2016-07-25T23:09:54","date_gmt":"2016-07-25T20:09:54","guid":{"rendered":"http:\/\/www.sana.sy\/es\/?p=47804"},"modified":"2016-07-25T23:11:02","modified_gmt":"2016-07-25T20:11:02","slug":"el-comando-general-del-ejercito-y-las-fuerzas-armadas-el-ente-sionista-ataca-con-dios-misiles-un-edifico-en-la-ciudad-de-al-baath","status":"publish","type":"post","link":"https:\/\/archive.sana.sy\/es\/?p=47804","title":{"rendered":"El Comando General del Ej\u00e9rcito y las Fuerzas Armadas: el Ente Sionista ataca con dos misiles un edificio en la Ciudad de Al Baath"},"content":{"rendered":"<p><span style=\"color: #800000;\">Damasco- SANA<\/span><\/p>\n<p>El Comando General del Ej\u00e9rcito y las Fuerzas Armadas afirm\u00f3, en un comunicado, que un dron del Ente Sionista lanz\u00f3 dos misiles a las 19: 30 de esta tarde contra un edificio en el Barrio de Obreros en la Ciudad de Al Baath causando da\u00f1os materiales en el lugar.<\/p>\n<p>Esta agresi\u00f3n flagrante viene en el marco de un apoyo directo y claro por parte de \u201cIsrael\u201d a los grupos terroristas, y como un intento desesperado parar elevar su moral deca\u00edda por las grandes p\u00e9rdidas sufridas a monos de los soldados del Ej\u00e9rcito \u00c1rabe Sirio y los grupos de Defensa Popular, dice el comunicado<\/p>\n<p>Y remarc\u00f3: Esta agresi\u00f3n no nos impide a seguir enfrentado y persiguiendo a los grupos terroristas que cumplen los objetivos de \u201cIsrael\u201d en la zona.<\/p>\n<p>&nbsp;<\/p>\n<p>Akram. S<\/p>\n","protected":false},"excerpt":{"rendered":"<p>Damasco- SANA El Comando General del Ej\u00e9rcito y las Fuerzas Armadas afirm\u00f3, en un comunicado, que un dron del Ente Sionista lanz\u00f3 dos misiles a las 19: 30 de esta tarde contra un edificio en el Barrio de Obreros en la Ciudad de Al Baath causando da\u00f1os materiales en el lugar. Esta agresi\u00f3n flagrante viene &hellip;<\/p>\n","protected":false},"author":1,"featured_media":47805,"comment_status":"closed","ping_status":"closed","sticky":false,"template":"","format":"standard","meta":{"footnotes":""},"categories":[597,573,7541],"tags":[],"class_list":["post-47804","post","type-post","status-publish","format-standard","has-post-thumbnail","","category-cinta-de-noticias","category-la-realidad-de-los-acontecimientos-en-siria","category-ultimas-noticias"],"_links":{"self":[{"href":"https:\/\/archive.sana.sy\/es\/index.php?rest_route=\/wp\/v2\/posts\/47804"}],"collection":[{"href":"https:\/\/archive.sana.sy\/es\/index.php?rest_route=\/wp\/v2\/posts"}],"about":[{"href":"https:\/\/archive.sana.sy\/es\/index.php?rest_route=\/wp\/v2\/types\/post"}],"author":[{"embeddable":true,"href":"https:\/\/archive.sana.sy\/es\/index.php?rest_route=\/wp\/v2\/users\/1"}],"replies":[{"embeddable":true,"href":"https:\/\/archive.sana.sy\/es\/index.php?rest_route=%2Fwp%2Fv2%2Fcomments&post=47804"}],"version-history":[{"count":0,"href":"https:\/\/archive.sana.sy\/es\/index.php?rest_route=\/wp\/v2\/posts\/47804\/revisions"}],"wp:featuredmedia":[{"embeddable":true,"href":"https:\/\/archive.sana.sy\/es\/index.php?rest_route=\/wp\/v2\/media\/47805"}],"wp:attachment":[{"href":"https:\/\/archive.sana.sy\/es\/index.php?rest_route=%2Fwp%2Fv2%2Fmedia&parent=47804"}],"wp:term":[{"taxonomy":"category","embeddable":true,"href":"https:\/\/archive.sana.sy\/es\/index.php?rest_route=%2Fwp%2Fv2%2Fcategories&post=47804"},{"taxonomy":"post_tag","embeddable":true,"href":"https:\/\/archive.sana.sy\/es\/index.php?rest_route=%2Fwp%2Fv2%2Ftags&post=47804"}],"curies":[{"name":"wp","href":"https:\/\/api.w.org\/{rel}","templated":true}]}}