{"id":47811,"date":"2016-07-26T11:36:59","date_gmt":"2016-07-26T08:36:59","guid":{"rendered":"http:\/\/sana.sy\/es\/?p=47811"},"modified":"2016-07-26T11:36:59","modified_gmt":"2016-07-26T08:36:59","slug":"atentado-terrorista-en-damasco-deja-heridos-a-varios-ciudadanos","status":"publish","type":"post","link":"https:\/\/archive.sana.sy\/es\/?p=47811","title":{"rendered":"Atentado terrorista en Damasco deja heridos a varios ciudadanos"},"content":{"rendered":"<div><span style=\"color: #800000\"><b><span lang=\"ES-TRAD\">Damasco, SANA<\/span><\/b><\/span><\/div>\n<div><span lang=\"ES-TRAD\">Varios ciudadanos resultaron heridos en la explosi\u00f3n de un coche bomba en el barrio Kafarsuseh de la capital Damasco.<\/span><\/div>\n<div><span lang=\"ES-TRAD\">Una fuente en el Mando de Polic\u00eda de Damasco inform\u00f3 que &#8220;los terroristas detonaron un coche bomba en el barrio Kafersuseh, causando heridas a un n\u00famero de civiles&#8221;.<\/span><\/div>\n<div><span lang=\"ES-TRAD\">Seg\u00fan la fuente, la explosi\u00f3n caus\u00f3 da\u00f1os materiales en los edificios cercanos.<\/span><\/div>\n","protected":false},"excerpt":{"rendered":"<p>Damasco, SANA Varios ciudadanos resultaron heridos en la explosi\u00f3n de un coche bomba en el barrio Kafarsuseh de la capital Damasco. Una fuente en el Mando de Polic\u00eda de Damasco inform\u00f3 que &#8220;los terroristas detonaron un coche bomba en el barrio Kafersuseh, causando heridas a un n\u00famero de civiles&#8221;. Seg\u00fan la fuente, la explosi\u00f3n caus\u00f3 &hellip;<\/p>\n","protected":false},"author":24,"featured_media":47812,"comment_status":"closed","ping_status":"closed","sticky":false,"template":"","format":"standard","meta":{"footnotes":""},"categories":[573,7541],"tags":[],"class_list":["post-47811","post","type-post","status-publish","format-standard","has-post-thumbnail","","category-la-realidad-de-los-acontecimientos-en-siria","category-ultimas-noticias"],"_links":{"self":[{"href":"https:\/\/archive.sana.sy\/es\/index.php?rest_route=\/wp\/v2\/posts\/47811"}],"collection":[{"href":"https:\/\/archive.sana.sy\/es\/index.php?rest_route=\/wp\/v2\/posts"}],"about":[{"href":"https:\/\/archive.sana.sy\/es\/index.php?rest_route=\/wp\/v2\/types\/post"}],"author":[{"embeddable":true,"href":"https:\/\/archive.sana.sy\/es\/index.php?rest_route=\/wp\/v2\/users\/24"}],"replies":[{"embeddable":true,"href":"https:\/\/archive.sana.sy\/es\/index.php?rest_route=%2Fwp%2Fv2%2Fcomments&post=47811"}],"version-history":[{"count":0,"href":"https:\/\/archive.sana.sy\/es\/index.php?rest_route=\/wp\/v2\/posts\/47811\/revisions"}],"wp:featuredmedia":[{"embeddable":true,"href":"https:\/\/archive.sana.sy\/es\/index.php?rest_route=\/wp\/v2\/media\/47812"}],"wp:attachment":[{"href":"https:\/\/archive.sana.sy\/es\/index.php?rest_route=%2Fwp%2Fv2%2Fmedia&parent=47811"}],"wp:term":[{"taxonomy":"category","embeddable":true,"href":"https:\/\/archive.sana.sy\/es\/index.php?rest_route=%2Fwp%2Fv2%2Fcategories&post=47811"},{"taxonomy":"post_tag","embeddable":true,"href":"https:\/\/archive.sana.sy\/es\/index.php?rest_route=%2Fwp%2Fv2%2Ftags&post=47811"}],"curies":[{"name":"wp","href":"https:\/\/api.w.org\/{rel}","templated":true}]}}