{"id":47854,"date":"2016-07-26T16:22:50","date_gmt":"2016-07-26T13:22:50","guid":{"rendered":"http:\/\/www.sana.sy\/es\/?p=47854"},"modified":"2016-07-26T20:11:15","modified_gmt":"2016-07-26T17:11:15","slug":"concluyen-obras-de-reparacion-de-la-saboteada-linea-de-agua-potable-que-alimenta-a-damasco","status":"publish","type":"post","link":"https:\/\/archive.sana.sy\/es\/?p=47854","title":{"rendered":"Concluyen obras de reparaci\u00f3n de la saboteada l\u00ednea de agua potable que alimenta a Damasco"},"content":{"rendered":"<p><span style=\"color: #800000\">Damasco, SANA<\/span><\/p>\n<p style=\"text-align: justify\">Los equipos de t\u00e9cnicos del Establecimiento General de Agua Potable y Saneamiento terminaron este martes de reparar la l\u00ednea de agua potable que alimenta la ciudad de Damasco, y que fue detonada por los grupos terroristas en el Valle Barada.<\/p>\n<p style=\"text-align: justify\">El director del Establecimiento el Ing. Hussam Hereden, anunci\u00f3 que los equipos de mantenimiento han completado las obras de reparaci\u00f3n de la &#8220;l\u00ednea Barada&#8221; que suministra con agua potable a la ciudad de Damasco.<\/p>\n<p style=\"text-align: justify\">Destac\u00f3 que el agua ha empezado a volver a alimentar las zonas de Damasco a partir de esta ma\u00f1ana del martes y volver\u00e1 gradualmente a la normalidad durante los pr\u00f3ximos dos d\u00edas.<\/p>\n<p style=\"text-align: justify\">Cabe destacar que los grupos terroristas hab\u00edan detonado una bomba en la l\u00ednea Barada de agua potable lo cual caus\u00f3 su salida de servicio.<\/p>\n<p style=\"text-align: justify\">A ra\u00edz del ataque, se redujeron la horas de alimentar a los barrios de Damasco con agua potable.<\/p>\n<p>Fady M., Lynn A.<\/p>\n","protected":false},"excerpt":{"rendered":"<p>Damasco, SANA Los equipos de t\u00e9cnicos del Establecimiento General de Agua Potable y Saneamiento terminaron este martes de reparar la l\u00ednea de agua potable que alimenta la ciudad de Damasco, y que fue detonada por los grupos terroristas en el Valle Barada. El director del Establecimiento el Ing. Hussam Hereden, anunci\u00f3 que los equipos de &hellip;<\/p>\n","protected":false},"author":24,"featured_media":3272,"comment_status":"closed","ping_status":"closed","sticky":false,"template":"","format":"standard","meta":{"footnotes":""},"categories":[477,597,476,7541],"tags":[],"class_list":["post-47854","post","type-post","status-publish","format-standard","has-post-thumbnail","","category-noticias-edulcorantes","category-cinta-de-noticias","category-locales","category-ultimas-noticias"],"_links":{"self":[{"href":"https:\/\/archive.sana.sy\/es\/index.php?rest_route=\/wp\/v2\/posts\/47854"}],"collection":[{"href":"https:\/\/archive.sana.sy\/es\/index.php?rest_route=\/wp\/v2\/posts"}],"about":[{"href":"https:\/\/archive.sana.sy\/es\/index.php?rest_route=\/wp\/v2\/types\/post"}],"author":[{"embeddable":true,"href":"https:\/\/archive.sana.sy\/es\/index.php?rest_route=\/wp\/v2\/users\/24"}],"replies":[{"embeddable":true,"href":"https:\/\/archive.sana.sy\/es\/index.php?rest_route=%2Fwp%2Fv2%2Fcomments&post=47854"}],"version-history":[{"count":0,"href":"https:\/\/archive.sana.sy\/es\/index.php?rest_route=\/wp\/v2\/posts\/47854\/revisions"}],"wp:featuredmedia":[{"embeddable":true,"href":"https:\/\/archive.sana.sy\/es\/index.php?rest_route=\/wp\/v2\/media\/3272"}],"wp:attachment":[{"href":"https:\/\/archive.sana.sy\/es\/index.php?rest_route=%2Fwp%2Fv2%2Fmedia&parent=47854"}],"wp:term":[{"taxonomy":"category","embeddable":true,"href":"https:\/\/archive.sana.sy\/es\/index.php?rest_route=%2Fwp%2Fv2%2Fcategories&post=47854"},{"taxonomy":"post_tag","embeddable":true,"href":"https:\/\/archive.sana.sy\/es\/index.php?rest_route=%2Fwp%2Fv2%2Ftags&post=47854"}],"curies":[{"name":"wp","href":"https:\/\/api.w.org\/{rel}","templated":true}]}}