{"id":47920,"date":"2016-07-26T22:46:23","date_gmt":"2016-07-26T19:46:23","guid":{"rendered":"http:\/\/www.sana.sy\/es\/?p=47920"},"modified":"2016-07-26T22:46:45","modified_gmt":"2016-07-26T19:46:45","slug":"el-grupo-terrorista-yaish-al-islam-ataca-con-proyectiles-el-campamento-de-al-wafidin","status":"publish","type":"post","link":"https:\/\/archive.sana.sy\/es\/?p=47920","title":{"rendered":"El grupo terrorista &#8220;Yaish Al Islam&#8221; ataca con proyectiles el campamento de Al Wafidin"},"content":{"rendered":"<p style=\"text-align: justify\"><span style=\"color: #800000\">Rif Dimashq, SANA<\/span>&#8211; Integrantes del grupo terroristas &#8220;Yaish Al Islam&#8221; violaron de nuevo el acuerdo de Cese de Hostilidades, atacando con proyectiles el campamento de Al Wafidin en el campo de la ciudad de Damasco.<\/p>\n<p style=\"text-align: justify\">Una fuente del Comando de Polic\u00eda en Rif Dimashq inform\u00f3 que dos proyectiles de cohetes cayeron en el barrio residencial de Al Zauara, situado en el campamento de Al Wafidin.<\/p>\n<p style=\"text-align: justify\">La fuente agreg\u00f3 que los da\u00f1os se limitaron a p\u00e9rdidas materiales sin registrar ning\u00fan caso humano.<\/p>\n<p style=\"text-align: justify\">El lunes, \u00a0una mujer perdi\u00f3 la vida y una ni\u00f1a result\u00f3 herida en un ataque terrorista perpetrado por integrantes de Yaish Al Islam contra el suburbio de Harasta, adem\u00e1s de provocar da\u00f1os materiales en la zona del impacto.<\/p>\n<p>M.Miri<\/p>\n","protected":false},"excerpt":{"rendered":"<p>Rif Dimashq, SANA&#8211; Integrantes del grupo terroristas &#8220;Yaish Al Islam&#8221; violaron de nuevo el acuerdo de Cese de Hostilidades, atacando con proyectiles el campamento de Al Wafidin en el campo de la ciudad de Damasco. Una fuente del Comando de Polic\u00eda en Rif Dimashq inform\u00f3 que dos proyectiles de cohetes cayeron en el barrio residencial &hellip;<\/p>\n","protected":false},"author":1,"featured_media":19243,"comment_status":"closed","ping_status":"closed","sticky":false,"template":"","format":"standard","meta":{"footnotes":""},"categories":[477,476,7541],"tags":[8826],"class_list":["post-47920","post","type-post","status-publish","format-standard","has-post-thumbnail","","category-noticias-edulcorantes","category-locales","category-ultimas-noticias","tag-yaish-al-islam"],"_links":{"self":[{"href":"https:\/\/archive.sana.sy\/es\/index.php?rest_route=\/wp\/v2\/posts\/47920"}],"collection":[{"href":"https:\/\/archive.sana.sy\/es\/index.php?rest_route=\/wp\/v2\/posts"}],"about":[{"href":"https:\/\/archive.sana.sy\/es\/index.php?rest_route=\/wp\/v2\/types\/post"}],"author":[{"embeddable":true,"href":"https:\/\/archive.sana.sy\/es\/index.php?rest_route=\/wp\/v2\/users\/1"}],"replies":[{"embeddable":true,"href":"https:\/\/archive.sana.sy\/es\/index.php?rest_route=%2Fwp%2Fv2%2Fcomments&post=47920"}],"version-history":[{"count":0,"href":"https:\/\/archive.sana.sy\/es\/index.php?rest_route=\/wp\/v2\/posts\/47920\/revisions"}],"wp:featuredmedia":[{"embeddable":true,"href":"https:\/\/archive.sana.sy\/es\/index.php?rest_route=\/wp\/v2\/media\/19243"}],"wp:attachment":[{"href":"https:\/\/archive.sana.sy\/es\/index.php?rest_route=%2Fwp%2Fv2%2Fmedia&parent=47920"}],"wp:term":[{"taxonomy":"category","embeddable":true,"href":"https:\/\/archive.sana.sy\/es\/index.php?rest_route=%2Fwp%2Fv2%2Fcategories&post=47920"},{"taxonomy":"post_tag","embeddable":true,"href":"https:\/\/archive.sana.sy\/es\/index.php?rest_route=%2Fwp%2Fv2%2Ftags&post=47920"}],"curies":[{"name":"wp","href":"https:\/\/api.w.org\/{rel}","templated":true}]}}