{"id":47986,"date":"2016-07-27T22:22:16","date_gmt":"2016-07-27T19:22:16","guid":{"rendered":"http:\/\/www.sana.sy\/es\/?p=47986"},"modified":"2016-07-27T22:25:58","modified_gmt":"2016-07-27T19:25:58","slug":"presidente-al-assad-la-amnistia-esta-aplicada-en-el-pais","status":"publish","type":"post","link":"https:\/\/archive.sana.sy\/es\/?p=47986","title":{"rendered":"Presidente al-Assad: hemos aplicado la amnist\u00eda general en el pa\u00eds desde el inicio de la guerra terrorista"},"content":{"rendered":"<p><span style=\"color: #800000\">Damasco, SANA<\/span><\/p>\n<p style=\"text-align: justify\">El presidente Bashar al-Assad hizo declaraciones al canal griego ETV, se publicar\u00e1n integralmente el pr\u00f3ximo viernes.<\/p>\n<p style=\"text-align: justify\">En respuesta a una pregunta sobre la posibilidad de que decrete una amnist\u00eda general en el caso de \u201csu victoria en la guerra\u201d, el mandatario sirio dijo que \u201clo m\u00e1s importante es la victoria del pueblo sirio y no la victoria m\u00eda, puesta que la guerra es contra el pueblo sirio\u201d.<\/p>\n<p style=\"text-align: justify\">El presidente al-Assad precis\u00f3 que la amnist\u00eda general se est\u00e1 aplicando, precisando que desde el inicio de los actos terroristas en Siria, el gobierno ofreci\u00f3 esta opci\u00f3n.<\/p>\n<p style=\"text-align: justify\">\u201cSi desean volver a su vida normal y deponer sus armas, ellos ser\u00e1n amnistiados, y esto lo que estamos haciendo desde hace tres a\u00f1os\u201d, dijo el presidente.<\/p>\n<p style=\"text-align: justify\">\u201cIndependientemente de la victoria del pa\u00eds, la amnist\u00eda ya est\u00e1 aplicada y es una buena opci\u00f3n, a mi parecer, para ayudar a las personas que portaron armas por diferentes razones a volver a su vida normal, a volver a la vida pol\u00edtica, sin tienen propios agendas.. a las instituciones pol\u00edticas&#8230; a las urnas&#8230; u a cualquier proceso pol\u00edtico disponible en cualquier pa\u00eds&#8221;.<\/p>\n<p style=\"text-align: justify\">Es de se\u00f1alar que muchos armados beneficiaron de los decretos de amnist\u00eda general que promulg\u00f3 el presidente al-Assad a lo largo de los a\u00f1os de la guerra.<\/p>\n<p style=\"text-align: justify\">Por su parte, el Gran Mufti de la Rep\u00fablica Dr. Ahmad Badr al-Din Hassoun llam\u00f3 a todos los armados en los barrios orientales de la ciudad de Alepo y su campo para poner a parte las armas y volver a la vida normal y aprovechar los decretos de amnist\u00eda para que puedan contribuir a la reconstrucci\u00f3n de su pa\u00eds, pidiendo a los convecinos a cooperar con el Ej\u00e9rcito \u00c1rabe Sirio y expulsar a los extranjeros para recuperar la seguridad y la estabilidad en la ciudad de Alepo.<\/p>\n<p style=\"text-align: justify\">El Gran Mufti Hassoun dijo en una conversaci\u00f3n telef\u00f3nica con la televisi\u00f3n \u00e1rabe siria esta noche:&#8221; La victoria en la batalla de Alepo est\u00e1 muy cerca gracias a los h\u00e9roes del Ej\u00e9rcito \u00c1rabe Sirio, y estos momentos en los que vivimos son los momentos son momentos decisivos en la historia de Siria contra los que quer\u00edan atacar el coraz\u00f3n de Siria antes en Homs y hoy quieren destruir su econom\u00eda en Alepo &#8220;.<\/p>\n<p style=\"text-align: justify\">Mufti Hassoun se\u00f1al\u00f3 que el presidente Al-Assad anunci\u00f3 que la puerta de la amnist\u00eda est\u00e1 abierta para los que quer\u00edan regresar a la patria, corregir sus errores, expresar sus opiniones y participar en la vida pol\u00edtica y las elecciones y llevar una vida de forma normal.<\/p>\n<p style=\"text-align: justify\">En este sentido, el Comando General del Ej\u00e9rcito y las Fuerzas Armadas (CGEFA) reiter\u00f3 su preocupaci\u00f3n por la seguridad de todos los ciudadanos en Alepo, dirigiendo un llamado a los mismos para que participen en el cese de las acciones de combate y la restauraci\u00f3n de la calma de Alepo.<\/p>\n<p style=\"text-align: justify\">En un comunicado emitido este mi\u00e9rcoles, el CGEFA se\u00f1al\u00f3 que &#8220;en el marco del plan ideado para restablecer la seguridad en la ciudad de Alepo, las unidades del ej\u00e9rcito en cooperaci\u00f3n con las fuerzas de apoyo cumplieron su misi\u00f3n militar con \u00e9xito en las zonas del norte de Alepo, y cortaron todas las rutas utilizadas por los terroristas para ingresar a sus mercenarios y material b\u00e9lico en los barrios este de Alepo para cometer sus cr\u00edmenes contra los civiles seguros&#8221;.<\/p>\n<p style=\"text-align: justify\">Ratific\u00f3 su preocupaci\u00f3n por &#8220;la seguridad de todos los ciudadanos&#8221;, destacando la importancia de que los mismos cooperen con el ej\u00e9rcito sirio a fin de detener las acciones de combate y normalizar la situaci\u00f3n en Alepo.<\/p>\n<p>https:\/\/youtu.be\/AmLFcRZte4g<\/p>\n<p>&nbsp;<\/p>\n<p>&nbsp;<\/p>\n<p>Lynn A., M Miri.<\/p>\n","protected":false},"excerpt":{"rendered":"<p>Damasco, SANA El presidente Bashar al-Assad hizo declaraciones al canal griego ETV, se publicar\u00e1n integralmente el pr\u00f3ximo viernes. En respuesta a una pregunta sobre la posibilidad de que decrete una amnist\u00eda general en el caso de \u201csu victoria en la guerra\u201d, el mandatario sirio dijo que \u201clo m\u00e1s importante es la victoria del pueblo sirio &hellip;<\/p>\n","protected":false},"author":24,"featured_media":47987,"comment_status":"closed","ping_status":"closed","sticky":false,"template":"","format":"standard","meta":{"footnotes":""},"categories":[583,626],"tags":[],"class_list":["post-47986","post","type-post","status-publish","format-standard","has-post-thumbnail","","category-slide","category-sr-presidente"],"_links":{"self":[{"href":"https:\/\/archive.sana.sy\/es\/index.php?rest_route=\/wp\/v2\/posts\/47986"}],"collection":[{"href":"https:\/\/archive.sana.sy\/es\/index.php?rest_route=\/wp\/v2\/posts"}],"about":[{"href":"https:\/\/archive.sana.sy\/es\/index.php?rest_route=\/wp\/v2\/types\/post"}],"author":[{"embeddable":true,"href":"https:\/\/archive.sana.sy\/es\/index.php?rest_route=\/wp\/v2\/users\/24"}],"replies":[{"embeddable":true,"href":"https:\/\/archive.sana.sy\/es\/index.php?rest_route=%2Fwp%2Fv2%2Fcomments&post=47986"}],"version-history":[{"count":0,"href":"https:\/\/archive.sana.sy\/es\/index.php?rest_route=\/wp\/v2\/posts\/47986\/revisions"}],"wp:featuredmedia":[{"embeddable":true,"href":"https:\/\/archive.sana.sy\/es\/index.php?rest_route=\/wp\/v2\/media\/47987"}],"wp:attachment":[{"href":"https:\/\/archive.sana.sy\/es\/index.php?rest_route=%2Fwp%2Fv2%2Fmedia&parent=47986"}],"wp:term":[{"taxonomy":"category","embeddable":true,"href":"https:\/\/archive.sana.sy\/es\/index.php?rest_route=%2Fwp%2Fv2%2Fcategories&post=47986"},{"taxonomy":"post_tag","embeddable":true,"href":"https:\/\/archive.sana.sy\/es\/index.php?rest_route=%2Fwp%2Fv2%2Ftags&post=47986"}],"curies":[{"name":"wp","href":"https:\/\/api.w.org\/{rel}","templated":true}]}}