{"id":48039,"date":"2016-07-28T13:40:13","date_gmt":"2016-07-28T10:40:13","guid":{"rendered":"http:\/\/sana.sy\/es\/?p=48039"},"modified":"2016-07-28T16:53:34","modified_gmt":"2016-07-28T13:53:34","slug":"decreto-presidencial-concede-amnistia-a-los-armados-que-entreguen-sus-armas","status":"publish","type":"post","link":"https:\/\/archive.sana.sy\/es\/?p=48039","title":{"rendered":"Decreto presidencial concede amnist\u00eda a los armados que entreguen sus armas"},"content":{"rendered":"<p><span style=\"color: #800000\">Damasco, SANA<\/span><\/p>\n<p>El presidente Bashar al Assad, emiti\u00f3 este jueves el Decreto Legislativo No. 15 del a\u00f1o 2016, el cual concede amnist\u00eda a cualquier persona que porta armas y es fugitivo de la justicia, a condici\u00f3n de que se entregue a las autoridades competentes y deponga su arma.<\/p>\n<p>El decreto adem\u00e1s da amnist\u00eda a cualquier secuestrador a condici\u00f3n de liberar a quien tiene secuestrado de forma segura y sin nada a cambio.<\/p>\n<p>Seg\u00fan precisa el decreto, cualquier persona que lleva armas y es fugitivo es amnistiado de toda la pena si se entrega a las autoridades judiciales competentes o a cualquiera de las autoridades policiales dentro de un periodo de tres meses que empieza a partido de la fecha de emisi\u00f3n de ese decreto legislativo.<\/p>\n<p>De igual manera, el decreto exenta de la pena a cualquier persona que tiene a secuestrados si los libera dentro de un periodo de un mes a partir de la fecha de emisi\u00f3n del decreto.<\/p>\n<p>Fady M., Lynn A.<\/p>\n","protected":false},"excerpt":{"rendered":"<p>Damasco, SANA El presidente Bashar al Assad, emiti\u00f3 este jueves el Decreto Legislativo No. 15 del a\u00f1o 2016, el cual concede amnist\u00eda a cualquier persona que porta armas y es fugitivo de la justicia, a condici\u00f3n de que se entregue a las autoridades competentes y deponga su arma. El decreto adem\u00e1s da amnist\u00eda a cualquier &hellip;<\/p>\n","protected":false},"author":24,"featured_media":28216,"comment_status":"closed","ping_status":"closed","sticky":false,"template":"","format":"standard","meta":{"footnotes":""},"categories":[583,626],"tags":[],"class_list":["post-48039","post","type-post","status-publish","format-standard","has-post-thumbnail","","category-slide","category-sr-presidente"],"_links":{"self":[{"href":"https:\/\/archive.sana.sy\/es\/index.php?rest_route=\/wp\/v2\/posts\/48039"}],"collection":[{"href":"https:\/\/archive.sana.sy\/es\/index.php?rest_route=\/wp\/v2\/posts"}],"about":[{"href":"https:\/\/archive.sana.sy\/es\/index.php?rest_route=\/wp\/v2\/types\/post"}],"author":[{"embeddable":true,"href":"https:\/\/archive.sana.sy\/es\/index.php?rest_route=\/wp\/v2\/users\/24"}],"replies":[{"embeddable":true,"href":"https:\/\/archive.sana.sy\/es\/index.php?rest_route=%2Fwp%2Fv2%2Fcomments&post=48039"}],"version-history":[{"count":0,"href":"https:\/\/archive.sana.sy\/es\/index.php?rest_route=\/wp\/v2\/posts\/48039\/revisions"}],"wp:featuredmedia":[{"embeddable":true,"href":"https:\/\/archive.sana.sy\/es\/index.php?rest_route=\/wp\/v2\/media\/28216"}],"wp:attachment":[{"href":"https:\/\/archive.sana.sy\/es\/index.php?rest_route=%2Fwp%2Fv2%2Fmedia&parent=48039"}],"wp:term":[{"taxonomy":"category","embeddable":true,"href":"https:\/\/archive.sana.sy\/es\/index.php?rest_route=%2Fwp%2Fv2%2Fcategories&post=48039"},{"taxonomy":"post_tag","embeddable":true,"href":"https:\/\/archive.sana.sy\/es\/index.php?rest_route=%2Fwp%2Fv2%2Ftags&post=48039"}],"curies":[{"name":"wp","href":"https:\/\/api.w.org\/{rel}","templated":true}]}}