{"id":48138,"date":"2016-07-29T17:07:52","date_gmt":"2016-07-29T14:07:52","guid":{"rendered":"http:\/\/www.sana.sy\/es\/?p=48138"},"modified":"2016-07-29T17:13:20","modified_gmt":"2016-07-29T14:13:20","slug":"aviacion-militar-siria-destruye-vehiculos-del-ei-en-deir-ez-zor-y-homs","status":"publish","type":"post","link":"https:\/\/archive.sana.sy\/es\/?p=48138","title":{"rendered":"Ej\u00e9rcito sirio destruye veh\u00edculos del EI en Deir ez-Zor, Homs y Sweida"},"content":{"rendered":"<p style=\"text-align: justify\"><span style=\"color: #800000\">Provincias, SANA<\/span>&#8211; la Fuerza A\u00e9rea siria ha realizado varios vuelos de combate, atacando las formaciones de los terroristas de Daesh y sus puestos de mando en las provincias de Sweida, Homs y Deir ez-Zor, informa una fuente militar.<\/p>\n<p><span style=\"color: #0000ff\">Sweida<\/span><\/p>\n<p style=\"text-align: justify\">En la provincia sure\u00f1a de Sweida, una tropa del ej\u00e9rcito destruy\u00f3 4 veh\u00edculos equipados con ametralladoras pesadas del EI en la aldea de AL Kaser, situada en el campo noreste de la ciudad, seg\u00fan inform\u00f3 una fuente militar.<\/p>\n<p style=\"text-align: justify\"><span style=\"color: #0000ff\">Deir ez-Zor<\/span><\/p>\n<p style=\"text-align: justify\">En la provincia de Deir ez-Zor los aviones de combate sirios destruyeron un n\u00famero de veh\u00edculos de la organizaci\u00f3n terroristas &#8220;Daesh&#8221; en el pueblo de Ayyash, a 10 km al norte de la ciudad, seg\u00fan confirm\u00f3 la fuente.<\/p>\n<p style=\"text-align: justify\"><span style=\"color: #0000ff\">Homs<\/span><\/p>\n<p style=\"text-align: justify\">De acuerdo con la fuente la fuerza a\u00e9rea del Ej\u00e9rcito \u00c1rabe Sirio devast\u00f3 sedes y veh\u00edculos de \u201cDaesh\u201d en la periferia del campo de gas Hil, a 40 km al noreste de la ciudad de Palmira, y en la ciudad de Al Sukhna, a 70 km al este de Palmira, en la zona rural de la urbe.<\/p>\n<p style=\"text-align: justify\"><em>M.Miri<\/em><\/p>\n","protected":false},"excerpt":{"rendered":"<p>Provincias, SANA&#8211; la Fuerza A\u00e9rea siria ha realizado varios vuelos de combate, atacando las formaciones de los terroristas de Daesh y sus puestos de mando en las provincias de Sweida, Homs y Deir ez-Zor, informa una fuente militar. Sweida En la provincia sure\u00f1a de Sweida, una tropa del ej\u00e9rcito destruy\u00f3 4 veh\u00edculos equipados con ametralladoras &hellip;<\/p>\n","protected":false},"author":1,"featured_media":48176,"comment_status":"closed","ping_status":"closed","sticky":false,"template":"","format":"standard","meta":{"footnotes":""},"categories":[597,573,583,7541],"tags":[8571],"class_list":["post-48138","post","type-post","status-publish","format-standard","has-post-thumbnail","","category-cinta-de-noticias","category-la-realidad-de-los-acontecimientos-en-siria","category-slide","category-ultimas-noticias","tag-ejercito"],"_links":{"self":[{"href":"https:\/\/archive.sana.sy\/es\/index.php?rest_route=\/wp\/v2\/posts\/48138"}],"collection":[{"href":"https:\/\/archive.sana.sy\/es\/index.php?rest_route=\/wp\/v2\/posts"}],"about":[{"href":"https:\/\/archive.sana.sy\/es\/index.php?rest_route=\/wp\/v2\/types\/post"}],"author":[{"embeddable":true,"href":"https:\/\/archive.sana.sy\/es\/index.php?rest_route=\/wp\/v2\/users\/1"}],"replies":[{"embeddable":true,"href":"https:\/\/archive.sana.sy\/es\/index.php?rest_route=%2Fwp%2Fv2%2Fcomments&post=48138"}],"version-history":[{"count":0,"href":"https:\/\/archive.sana.sy\/es\/index.php?rest_route=\/wp\/v2\/posts\/48138\/revisions"}],"wp:featuredmedia":[{"embeddable":true,"href":"https:\/\/archive.sana.sy\/es\/index.php?rest_route=\/wp\/v2\/media\/48176"}],"wp:attachment":[{"href":"https:\/\/archive.sana.sy\/es\/index.php?rest_route=%2Fwp%2Fv2%2Fmedia&parent=48138"}],"wp:term":[{"taxonomy":"category","embeddable":true,"href":"https:\/\/archive.sana.sy\/es\/index.php?rest_route=%2Fwp%2Fv2%2Fcategories&post=48138"},{"taxonomy":"post_tag","embeddable":true,"href":"https:\/\/archive.sana.sy\/es\/index.php?rest_route=%2Fwp%2Fv2%2Ftags&post=48138"}],"curies":[{"name":"wp","href":"https:\/\/api.w.org\/{rel}","templated":true}]}}