{"id":48236,"date":"2016-07-30T21:00:57","date_gmt":"2016-07-30T18:00:57","guid":{"rendered":"http:\/\/www.sana.sy\/es\/?p=48236"},"modified":"2016-07-30T21:04:59","modified_gmt":"2016-07-30T18:04:59","slug":"la-fuerza-aerea-siria-destruye-vehiculos-y-centros-de-agrupacion-de-daesh-en-der-ezzor","status":"publish","type":"post","link":"https:\/\/archive.sana.sy\/es\/?p=48236","title":{"rendered":"La Fuerza A\u00e9rea Siria destruye veh\u00edculos y centros de agrupaci\u00f3n de Daesh en Der Ezzor, Homs y Sweida"},"content":{"rendered":"<p><span style=\"color: #800000\">Provincias\u00a0&#8211; SANA<\/span><\/p>\n<p style=\"text-align: justify\">La Fuerza A\u00e9rea Siria realiz\u00f3 incursiones contra centros y escondites de los terroristas de Daesh en la ciudad de Der Ezzor causando varios muertos y heridos.<\/p>\n<p style=\"text-align: justify\">Las incursiones tuvieron como objetivo las movilizaciones de los terroristas de Daesh en las localidades de Al Zamly y Al Yafra, a 7 km al oeste de Der Ezzor, y destruyeron 3 centros de agrupaci\u00f3n de este grupo takfir\u00ed con la muerte de los terroristas en su interior, seg\u00fan inform\u00f3 una fuente militar.<\/p>\n<p style=\"text-align: justify\">Esta ma\u00f1ana, una unidad del Ej\u00e9rcito llev\u00f3 a cabo una operaci\u00f3n precisa contra un escondite de Daesh en el barrio de Al Kamenat, al noreste de la ciudad de Der Ezzor, causando bajas en filas terroristas y la destrucci\u00f3n de varios veh\u00edculos.<\/p>\n<p style=\"text-align: justify\"><span style=\"color: #0000ff\">Homs<\/span><\/p>\n<p style=\"text-align: justify\">En el campo este de Homs, los cazas sirios realizaron vuelos intensos contra posiciones de la organizaci\u00f3n terrorista del Estado Isl\u00e1mico en el campo noroeste de Palmira.<\/p>\n<p style=\"text-align: justify\">En este contexto, una fuente militar inform\u00f3 que los operativos a\u00e9reos se centraron contra agrupaciones de terroristas del EI en la periferia del yacimiento de Shaaer, y dejaron\u00a0significativas bajas entre sus filas, as\u00ed como la destrucci\u00f3n de sedes y veh\u00edculos artillados.<\/p>\n<p style=\"text-align: justify\"><span style=\"color: #0000ff\">Deraa<\/span><\/p>\n<p style=\"text-align: justify\">En la ciudad de Deraa, unidades del ej\u00e9rcito lanzaron nuevos operativos en las \u00e1reas de de Deraa al-Balad y Deraa al-Mahatta.<\/p>\n<p style=\"text-align: justify\">En dichos operativos, los uniformados sirios dejaron muertos o heridos a numerosos terroristas y les destruyeron dos sedes.<\/p>\n<p style=\"text-align: justify\"><span style=\"color: #0000ff\">Sweida<\/span><\/p>\n<p style=\"text-align: justify\">En la provincia vecina de Sweida, los uniformados sirios acabaron con una agrupaci\u00f3n de terroristas del EI al oeste de Beer al-Rasi\u00b4i en el campo este de la provincia.<\/p>\n<p style=\"text-align: justify\"><span style=\"color: #0000ff\">Quneitra<\/span><\/p>\n<p style=\"text-align: justify\">De acurdo con una fuente militar, una unidad del ej\u00e9rcito frustr\u00f3 un ataque terrorista contra una posici\u00f3n militar en la periferia de localidad de Khan Arnaba, acabando con la vida de todos los atacantes y destruyendo sus pertrechos b\u00e9licos.<\/p>\n<p style=\"text-align: justify\">Asimismo, en la aldea de Al Hamidiyah, a 2 km al oeste de la ciudad de Al Baaz, una sede de los terroristas ha sido destruida a manos del ej\u00e9rcito, seg\u00fan confirm\u00f3 la fuente.<\/p>\n<p>&nbsp;<\/p>\n<p>&nbsp;<\/p>\n<p><span style=\"color: #333300\"><em>Akram. S., Lynn A., M Miri.<\/em><\/span><\/p>\n","protected":false},"excerpt":{"rendered":"<p>Provincias\u00a0&#8211; SANA La Fuerza A\u00e9rea Siria realiz\u00f3 incursiones contra centros y escondites de los terroristas de Daesh en la ciudad de Der Ezzor causando varios muertos y heridos. Las incursiones tuvieron como objetivo las movilizaciones de los terroristas de Daesh en las localidades de Al Zamly y Al Yafra, a 7 km al oeste de &hellip;<\/p>\n","protected":false},"author":1,"featured_media":48237,"comment_status":"closed","ping_status":"closed","sticky":false,"template":"","format":"standard","meta":{"footnotes":""},"categories":[597,573,583,7541],"tags":[],"class_list":["post-48236","post","type-post","status-publish","format-standard","has-post-thumbnail","","category-cinta-de-noticias","category-la-realidad-de-los-acontecimientos-en-siria","category-slide","category-ultimas-noticias"],"_links":{"self":[{"href":"https:\/\/archive.sana.sy\/es\/index.php?rest_route=\/wp\/v2\/posts\/48236"}],"collection":[{"href":"https:\/\/archive.sana.sy\/es\/index.php?rest_route=\/wp\/v2\/posts"}],"about":[{"href":"https:\/\/archive.sana.sy\/es\/index.php?rest_route=\/wp\/v2\/types\/post"}],"author":[{"embeddable":true,"href":"https:\/\/archive.sana.sy\/es\/index.php?rest_route=\/wp\/v2\/users\/1"}],"replies":[{"embeddable":true,"href":"https:\/\/archive.sana.sy\/es\/index.php?rest_route=%2Fwp%2Fv2%2Fcomments&post=48236"}],"version-history":[{"count":0,"href":"https:\/\/archive.sana.sy\/es\/index.php?rest_route=\/wp\/v2\/posts\/48236\/revisions"}],"wp:featuredmedia":[{"embeddable":true,"href":"https:\/\/archive.sana.sy\/es\/index.php?rest_route=\/wp\/v2\/media\/48237"}],"wp:attachment":[{"href":"https:\/\/archive.sana.sy\/es\/index.php?rest_route=%2Fwp%2Fv2%2Fmedia&parent=48236"}],"wp:term":[{"taxonomy":"category","embeddable":true,"href":"https:\/\/archive.sana.sy\/es\/index.php?rest_route=%2Fwp%2Fv2%2Fcategories&post=48236"},{"taxonomy":"post_tag","embeddable":true,"href":"https:\/\/archive.sana.sy\/es\/index.php?rest_route=%2Fwp%2Fv2%2Ftags&post=48236"}],"curies":[{"name":"wp","href":"https:\/\/api.w.org\/{rel}","templated":true}]}}