{"id":48281,"date":"2016-07-30T20:13:43","date_gmt":"2016-07-30T17:13:43","guid":{"rendered":"http:\/\/www.sana.sy\/es\/?p=48281"},"modified":"2016-07-30T20:14:15","modified_gmt":"2016-07-30T17:14:15","slug":"fuerzas-yemenies-derriban-un-dron-de-reconocimiento-saudi","status":"publish","type":"post","link":"https:\/\/archive.sana.sy\/es\/?p=48281","title":{"rendered":"Fuerzas yemen\u00edes derriban un dron de reconocimiento saud\u00ed"},"content":{"rendered":"<p style=\"text-align: justify\"><span style=\"color: #800000\">San\u00e1. SANA<\/span>&#8211; Fuerzas yemen\u00edes han derribado este s\u00e1bado un avi\u00f3n no tripulado saud\u00ed (dron) en la regi\u00f3n de Asir, en el sur de\u00a0Arabia Saud\u00ed.<\/p>\n<p style=\"text-align: justify\">La agencia yemen\u00ed de noticias Saba News ha informado de que un dron saud\u00ed de reconocimiento fue derribado por el impacto de un misil lanzado por el Ej\u00e9rcito yemen\u00ed en la regi\u00f3n de Asir, en Arabia Saud\u00ed.<\/p>\n<p style=\"text-align: justify\">La fuente agreg\u00f3 que el yemen\u00ed en cooperaci\u00f3n con el Movimiento Popular, logr\u00f3 limpiar la zona de Al Mayawya y expulsar a los mercenarios del r\u00e9gimen saudita del monte estrat\u00e9gico Al Mensaa en la zona de Nahem en las aproximaciones orientales de la provincia de Mareb.<\/p>\n<p><em>M.Miri<\/em><\/p>\n","protected":false},"excerpt":{"rendered":"<p>San\u00e1. SANA&#8211; Fuerzas yemen\u00edes han derribado este s\u00e1bado un avi\u00f3n no tripulado saud\u00ed (dron) en la regi\u00f3n de Asir, en el sur de\u00a0Arabia Saud\u00ed. La agencia yemen\u00ed de noticias Saba News ha informado de que un dron saud\u00ed de reconocimiento fue derribado por el impacto de un misil lanzado por el Ej\u00e9rcito yemen\u00ed en la &hellip;<\/p>\n","protected":false},"author":1,"featured_media":48282,"comment_status":"closed","ping_status":"closed","sticky":false,"template":"","format":"standard","meta":{"footnotes":""},"categories":[456,457],"tags":[6304],"class_list":["post-48281","post","type-post","status-publish","format-standard","has-post-thumbnail","","category-arabe-internacional-politica","category-noticias-arabe-internacional-politica","tag-yemen"],"_links":{"self":[{"href":"https:\/\/archive.sana.sy\/es\/index.php?rest_route=\/wp\/v2\/posts\/48281"}],"collection":[{"href":"https:\/\/archive.sana.sy\/es\/index.php?rest_route=\/wp\/v2\/posts"}],"about":[{"href":"https:\/\/archive.sana.sy\/es\/index.php?rest_route=\/wp\/v2\/types\/post"}],"author":[{"embeddable":true,"href":"https:\/\/archive.sana.sy\/es\/index.php?rest_route=\/wp\/v2\/users\/1"}],"replies":[{"embeddable":true,"href":"https:\/\/archive.sana.sy\/es\/index.php?rest_route=%2Fwp%2Fv2%2Fcomments&post=48281"}],"version-history":[{"count":0,"href":"https:\/\/archive.sana.sy\/es\/index.php?rest_route=\/wp\/v2\/posts\/48281\/revisions"}],"wp:featuredmedia":[{"embeddable":true,"href":"https:\/\/archive.sana.sy\/es\/index.php?rest_route=\/wp\/v2\/media\/48282"}],"wp:attachment":[{"href":"https:\/\/archive.sana.sy\/es\/index.php?rest_route=%2Fwp%2Fv2%2Fmedia&parent=48281"}],"wp:term":[{"taxonomy":"category","embeddable":true,"href":"https:\/\/archive.sana.sy\/es\/index.php?rest_route=%2Fwp%2Fv2%2Fcategories&post=48281"},{"taxonomy":"post_tag","embeddable":true,"href":"https:\/\/archive.sana.sy\/es\/index.php?rest_route=%2Fwp%2Fv2%2Ftags&post=48281"}],"curies":[{"name":"wp","href":"https:\/\/api.w.org\/{rel}","templated":true}]}}