{"id":48297,"date":"2016-07-31T14:50:20","date_gmt":"2016-07-31T11:50:20","guid":{"rendered":"http:\/\/www.sana.sy\/es\/?p=48297"},"modified":"2016-07-31T14:50:40","modified_gmt":"2016-07-31T11:50:40","slug":"de-mistura-examina-con-vicecanciller-irani-el-arreglo-de-la-crisis-siria","status":"publish","type":"post","link":"https:\/\/archive.sana.sy\/es\/?p=48297","title":{"rendered":"De Mistura examina con vicecanciller iran\u00ed el arreglo de la crisis siria"},"content":{"rendered":"<p><span style=\"color: #800000\">Teher\u00e1n, SANA<\/span><\/p>\n<p>El enviado especial de la ONU para Siria, Staffan de Mistura, examin\u00f3 este domingo con el vicecanciller iran\u00ed, Hossein Yabiri Ansari, las v\u00edas de impulsar el arreglo pol\u00edtico en Siria.<\/p>\n<p>De Mistura se reunir\u00e1 m\u00e1s tarde con el canciller persa, Mohamad Yawad Zarif para abordar los \u00faltimos acontecimientos en el escenario sirio y la reanudaci\u00f3n del di\u00e1logo intersirio en Ginebra.<\/p>\n<p>El enviado especial de la ONU hab\u00eda anunciado la semana pasada tras su reuni\u00f3n con representantes de EEUU y Rusia, que \u00e9l se esforzar\u00e1 para celebrar una nueva ronda de las conversaciones intersirias antes de que finalice el mes de agosto.<br \/>\nLynn A.<\/p>\n","protected":false},"excerpt":{"rendered":"<p>Teher\u00e1n, SANA El enviado especial de la ONU para Siria, Staffan de Mistura, examin\u00f3 este domingo con el vicecanciller iran\u00ed, Hossein Yabiri Ansari, las v\u00edas de impulsar el arreglo pol\u00edtico en Siria. De Mistura se reunir\u00e1 m\u00e1s tarde con el canciller persa, Mohamad Yawad Zarif para abordar los \u00faltimos acontecimientos en el escenario sirio y &hellip;<\/p>\n","protected":false},"author":24,"featured_media":39338,"comment_status":"closed","ping_status":"closed","sticky":false,"template":"","format":"standard","meta":{"footnotes":""},"categories":[597,467,7541],"tags":[],"class_list":["post-48297","post","type-post","status-publish","format-standard","has-post-thumbnail","","category-cinta-de-noticias","category-siria-y-el-mundo","category-ultimas-noticias"],"_links":{"self":[{"href":"https:\/\/archive.sana.sy\/es\/index.php?rest_route=\/wp\/v2\/posts\/48297"}],"collection":[{"href":"https:\/\/archive.sana.sy\/es\/index.php?rest_route=\/wp\/v2\/posts"}],"about":[{"href":"https:\/\/archive.sana.sy\/es\/index.php?rest_route=\/wp\/v2\/types\/post"}],"author":[{"embeddable":true,"href":"https:\/\/archive.sana.sy\/es\/index.php?rest_route=\/wp\/v2\/users\/24"}],"replies":[{"embeddable":true,"href":"https:\/\/archive.sana.sy\/es\/index.php?rest_route=%2Fwp%2Fv2%2Fcomments&post=48297"}],"version-history":[{"count":0,"href":"https:\/\/archive.sana.sy\/es\/index.php?rest_route=\/wp\/v2\/posts\/48297\/revisions"}],"wp:featuredmedia":[{"embeddable":true,"href":"https:\/\/archive.sana.sy\/es\/index.php?rest_route=\/wp\/v2\/media\/39338"}],"wp:attachment":[{"href":"https:\/\/archive.sana.sy\/es\/index.php?rest_route=%2Fwp%2Fv2%2Fmedia&parent=48297"}],"wp:term":[{"taxonomy":"category","embeddable":true,"href":"https:\/\/archive.sana.sy\/es\/index.php?rest_route=%2Fwp%2Fv2%2Fcategories&post=48297"},{"taxonomy":"post_tag","embeddable":true,"href":"https:\/\/archive.sana.sy\/es\/index.php?rest_route=%2Fwp%2Fv2%2Ftags&post=48297"}],"curies":[{"name":"wp","href":"https:\/\/api.w.org\/{rel}","templated":true}]}}