{"id":48314,"date":"2016-07-31T16:21:05","date_gmt":"2016-07-31T13:21:05","guid":{"rendered":"http:\/\/www.sana.sy\/es\/?p=48314"},"modified":"2016-07-31T16:35:57","modified_gmt":"2016-07-31T13:35:57","slug":"al-miqdad-reitera-disposicion-del-gobierno-sirio-a-reanudar-las-conversaciones-en-ginebra-sin-condiciones-previas","status":"publish","type":"post","link":"https:\/\/archive.sana.sy\/es\/?p=48314","title":{"rendered":"Al-Miqdad reitera disposici\u00f3n del gobierno sirio a reanudar las conversaciones en Ginebra sin condiciones previas"},"content":{"rendered":"<p><span style=\"color: #800000\">Damasco, SANA<\/span><\/p>\n<p>El vicecanciller sirio, Faisal al-Miqdad, debati\u00f3 con el vice-enviado especial de la ONU para Siria, Ramzy Ezzeldin Ramzy, y la delegaci\u00f3n acompa\u00f1ante, las conversaciones sostenidas para encontrar una soluci\u00f3n de la crisis en Siria, y los preparativos para la retoma del di\u00e1logo intersirio en Ginebra dentro de las pr\u00f3ximas semanas.<\/p>\n<p>Al-Miqdad manifest\u00f3 la disposici\u00f3n del gobierno sirio a reanudar las conversaciones lejos de las precondiciones y la intervenci\u00f3n for\u00e1nea.<\/p>\n<p>Asimismo destac\u00f3 la necesidad de que todos los bandos se centren en la lucha contra el terrorismo, y ofreci\u00f3 un panorama sobre los \u00faltimos acontecimientos en la ciudad norte\u00f1a de Alepo, y el indulto general decretado recientemente por el presidente Bashar al-Assad, el cual allana el camino hacia la restauraci\u00f3n de la seguridad en Alepo y todo el territorio sirio.<\/p>\n<p>Por su parte, Ramzy reiter\u00f3 el inter\u00e9s de la ONU en desempe\u00f1ar todo esfuerzo posible para restablecer la seguridad en el territorio sirio, as\u00ed como hizo una panor\u00e1mica sobre los preparativos de la oficina del enviado especial de la ONU para reanudar las conversaciones entre los bandos sirios en la pr\u00f3xima etapa.<\/p>\n<p>Recalc\u00f3 la necesidad de que los bandos sirios alcancen por medio del di\u00e1logo sirio-sirio, patrocinador por la ONU, a una soluci\u00f3n que satisface los anhelos del pueblo sirio.<\/p>\n<p>&nbsp;<\/p>\n<p>Lynn A.<\/p>\n","protected":false},"excerpt":{"rendered":"<p>Damasco, SANA El vicecanciller sirio, Faisal al-Miqdad, debati\u00f3 con el vice-enviado especial de la ONU para Siria, Ramzy Ezzeldin Ramzy, y la delegaci\u00f3n acompa\u00f1ante, las conversaciones sostenidas para encontrar una soluci\u00f3n de la crisis en Siria, y los preparativos para la retoma del di\u00e1logo intersirio en Ginebra dentro de las pr\u00f3ximas semanas. Al-Miqdad manifest\u00f3 la &hellip;<\/p>\n","protected":false},"author":24,"featured_media":48315,"comment_status":"closed","ping_status":"closed","sticky":false,"template":"","format":"standard","meta":{"footnotes":""},"categories":[477,597,476,583,7541],"tags":[],"class_list":["post-48314","post","type-post","status-publish","format-standard","has-post-thumbnail","","category-noticias-edulcorantes","category-cinta-de-noticias","category-locales","category-slide","category-ultimas-noticias"],"_links":{"self":[{"href":"https:\/\/archive.sana.sy\/es\/index.php?rest_route=\/wp\/v2\/posts\/48314"}],"collection":[{"href":"https:\/\/archive.sana.sy\/es\/index.php?rest_route=\/wp\/v2\/posts"}],"about":[{"href":"https:\/\/archive.sana.sy\/es\/index.php?rest_route=\/wp\/v2\/types\/post"}],"author":[{"embeddable":true,"href":"https:\/\/archive.sana.sy\/es\/index.php?rest_route=\/wp\/v2\/users\/24"}],"replies":[{"embeddable":true,"href":"https:\/\/archive.sana.sy\/es\/index.php?rest_route=%2Fwp%2Fv2%2Fcomments&post=48314"}],"version-history":[{"count":0,"href":"https:\/\/archive.sana.sy\/es\/index.php?rest_route=\/wp\/v2\/posts\/48314\/revisions"}],"wp:featuredmedia":[{"embeddable":true,"href":"https:\/\/archive.sana.sy\/es\/index.php?rest_route=\/wp\/v2\/media\/48315"}],"wp:attachment":[{"href":"https:\/\/archive.sana.sy\/es\/index.php?rest_route=%2Fwp%2Fv2%2Fmedia&parent=48314"}],"wp:term":[{"taxonomy":"category","embeddable":true,"href":"https:\/\/archive.sana.sy\/es\/index.php?rest_route=%2Fwp%2Fv2%2Fcategories&post=48314"},{"taxonomy":"post_tag","embeddable":true,"href":"https:\/\/archive.sana.sy\/es\/index.php?rest_route=%2Fwp%2Fv2%2Ftags&post=48314"}],"curies":[{"name":"wp","href":"https:\/\/api.w.org\/{rel}","templated":true}]}}