{"id":48349,"date":"2016-07-31T21:28:24","date_gmt":"2016-07-31T18:28:24","guid":{"rendered":"http:\/\/www.sana.sy\/es\/?p=48349"},"modified":"2016-07-31T21:29:18","modified_gmt":"2016-07-31T18:29:18","slug":"el-enviado-especial-adjunto-de-naciones-unidas-para-siria-dice-que-el-gobierno-sirio-confirma-su-participacion-en-las-conversaciones-de-ginebra","status":"publish","type":"post","link":"https:\/\/archive.sana.sy\/es\/?p=48349","title":{"rendered":"El enviado especial adjunto de ONU para Siria dice que el gobierno sirio confirma su participaci\u00f3n en las Conversaciones de Ginebra"},"content":{"rendered":"<p><span style=\"color: #800000;\">Damasco- SANA<\/span><\/p>\n<p>&nbsp;<\/p>\n<p>El enviado especial adjunto de Naciones Unidas para Siria, Ramzi Ez Al Din Ramzi, afirm\u00f3 que su reuni\u00f3n con el ministro de Exteriores, Walid Al Mualem, y el viceministro, Faisal Al Miqdad, viene en el marco de los continuos encuentros, entre la Oficina del enviado especial para Siria y el gobierno sirio, para debatir el proceso pol\u00edtico.<\/p>\n<p>\u201cDurante la reuni\u00f3n, abordamos varios asuntos relacionados con el proceso pol\u00edtico, entre ellos, el asunto de la transici\u00f3n pol\u00edtica y los criterios de hacerla m\u00e1s cre\u00edble. Y el ministro Al Mualem me confirm\u00f3 que el gobierno sirio participar\u00e1 en las conversaciones, previstas a celebrar a finales del pr\u00f3ximo agosto\u201d, dijo Ramzi en una comparecencia ante la prensa en Damasco.<\/p>\n<p>Y aclar\u00f3 que la jefa de la oficina del enviado espacial de Naciones Unidas, Khaula Matar, finaliz\u00f3 su misi\u00f3n en Siria y la sustituir\u00e1 Stephanie Khuri.<br \/>\n<span style=\"color: #0000ff;\">Akram. S<\/span><\/p>\n","protected":false},"excerpt":{"rendered":"<p>Damasco- SANA &nbsp; El enviado especial adjunto de Naciones Unidas para Siria, Ramzi Ez Al Din Ramzi, afirm\u00f3 que su reuni\u00f3n con el ministro de Exteriores, Walid Al Mualem, y el viceministro, Faisal Al Miqdad, viene en el marco de los continuos encuentros, entre la Oficina del enviado especial para Siria y el gobierno sirio, &hellip;<\/p>\n","protected":false},"author":1,"featured_media":48350,"comment_status":"closed","ping_status":"closed","sticky":false,"template":"","format":"standard","meta":{"footnotes":""},"categories":[597,476,7541],"tags":[],"class_list":["post-48349","post","type-post","status-publish","format-standard","has-post-thumbnail","","category-cinta-de-noticias","category-locales","category-ultimas-noticias"],"_links":{"self":[{"href":"https:\/\/archive.sana.sy\/es\/index.php?rest_route=\/wp\/v2\/posts\/48349"}],"collection":[{"href":"https:\/\/archive.sana.sy\/es\/index.php?rest_route=\/wp\/v2\/posts"}],"about":[{"href":"https:\/\/archive.sana.sy\/es\/index.php?rest_route=\/wp\/v2\/types\/post"}],"author":[{"embeddable":true,"href":"https:\/\/archive.sana.sy\/es\/index.php?rest_route=\/wp\/v2\/users\/1"}],"replies":[{"embeddable":true,"href":"https:\/\/archive.sana.sy\/es\/index.php?rest_route=%2Fwp%2Fv2%2Fcomments&post=48349"}],"version-history":[{"count":0,"href":"https:\/\/archive.sana.sy\/es\/index.php?rest_route=\/wp\/v2\/posts\/48349\/revisions"}],"wp:featuredmedia":[{"embeddable":true,"href":"https:\/\/archive.sana.sy\/es\/index.php?rest_route=\/wp\/v2\/media\/48350"}],"wp:attachment":[{"href":"https:\/\/archive.sana.sy\/es\/index.php?rest_route=%2Fwp%2Fv2%2Fmedia&parent=48349"}],"wp:term":[{"taxonomy":"category","embeddable":true,"href":"https:\/\/archive.sana.sy\/es\/index.php?rest_route=%2Fwp%2Fv2%2Fcategories&post=48349"},{"taxonomy":"post_tag","embeddable":true,"href":"https:\/\/archive.sana.sy\/es\/index.php?rest_route=%2Fwp%2Fv2%2Ftags&post=48349"}],"curies":[{"name":"wp","href":"https:\/\/api.w.org\/{rel}","templated":true}]}}