{"id":48353,"date":"2016-07-31T21:53:49","date_gmt":"2016-07-31T18:53:49","guid":{"rendered":"http:\/\/www.sana.sy\/es\/?p=48353"},"modified":"2016-07-31T21:53:49","modified_gmt":"2016-07-31T18:53:49","slug":"comunidad-siria-en-hungria-y-foro-por-siria-afirman-que-el-ejercito-arabe-sirio-es-un-ejemplo-para-los-sacrificios","status":"publish","type":"post","link":"https:\/\/archive.sana.sy\/es\/?p=48353","title":{"rendered":"Comunidad siria en Hungr\u00eda y \u201cForo por Siria\u201d afirman que el Ej\u00e9rcito \u00c1rabe Sirio es un ejemplo para los sacrificios"},"content":{"rendered":"<p><span style=\"color: #800000;\">Budapest- SANA<\/span><br \/>\nLa comunidad siria en Hungr\u00eda y el \u201cForo Por Siria\u201d manifestaron su orgullo por las victorias del Ej\u00e9rcito \u00c1rabe Sirio contra las bandas terroristas, reunidas por las fuerzas reaccionarias \u00e1rabes, el sionismo y el imperialismo de todas partes del mundo.<\/p>\n<p>Y se\u00f1alaron en un comunicado emitido por motivo del D\u00eda del Ej\u00e9rcito \u00c1rabe Sirio: \u201cEste Ej\u00e9rcito es un gran ejemplo para el sacrifico con el fin de salvaguardar la patria. Nuestro Ej\u00e9rcito es digno de todo respeto y aprecio por proteger y defender a la patria de los enemigos en acecho. Y dirigimos un saludo a las Fuerzas Armadas y a las almas de los m\u00e1rtires\u201d.<\/p>\n<p>&nbsp;<br \/>\n<span style=\"color: #0000ff;\">Akram. s<\/span><\/p>\n","protected":false},"excerpt":{"rendered":"<p>Budapest- SANA La comunidad siria en Hungr\u00eda y el \u201cForo Por Siria\u201d manifestaron su orgullo por las victorias del Ej\u00e9rcito \u00c1rabe Sirio contra las bandas terroristas, reunidas por las fuerzas reaccionarias \u00e1rabes, el sionismo y el imperialismo de todas partes del mundo. Y se\u00f1alaron en un comunicado emitido por motivo del D\u00eda del Ej\u00e9rcito \u00c1rabe &hellip;<\/p>\n","protected":false},"author":1,"featured_media":48354,"comment_status":"closed","ping_status":"closed","sticky":false,"template":"","format":"standard","meta":{"footnotes":""},"categories":[597,456,7541],"tags":[],"class_list":["post-48353","post","type-post","status-publish","format-standard","has-post-thumbnail","","category-cinta-de-noticias","category-arabe-internacional-politica","category-ultimas-noticias"],"_links":{"self":[{"href":"https:\/\/archive.sana.sy\/es\/index.php?rest_route=\/wp\/v2\/posts\/48353"}],"collection":[{"href":"https:\/\/archive.sana.sy\/es\/index.php?rest_route=\/wp\/v2\/posts"}],"about":[{"href":"https:\/\/archive.sana.sy\/es\/index.php?rest_route=\/wp\/v2\/types\/post"}],"author":[{"embeddable":true,"href":"https:\/\/archive.sana.sy\/es\/index.php?rest_route=\/wp\/v2\/users\/1"}],"replies":[{"embeddable":true,"href":"https:\/\/archive.sana.sy\/es\/index.php?rest_route=%2Fwp%2Fv2%2Fcomments&post=48353"}],"version-history":[{"count":0,"href":"https:\/\/archive.sana.sy\/es\/index.php?rest_route=\/wp\/v2\/posts\/48353\/revisions"}],"wp:featuredmedia":[{"embeddable":true,"href":"https:\/\/archive.sana.sy\/es\/index.php?rest_route=\/wp\/v2\/media\/48354"}],"wp:attachment":[{"href":"https:\/\/archive.sana.sy\/es\/index.php?rest_route=%2Fwp%2Fv2%2Fmedia&parent=48353"}],"wp:term":[{"taxonomy":"category","embeddable":true,"href":"https:\/\/archive.sana.sy\/es\/index.php?rest_route=%2Fwp%2Fv2%2Fcategories&post=48353"},{"taxonomy":"post_tag","embeddable":true,"href":"https:\/\/archive.sana.sy\/es\/index.php?rest_route=%2Fwp%2Fv2%2Ftags&post=48353"}],"curies":[{"name":"wp","href":"https:\/\/api.w.org\/{rel}","templated":true}]}}