{"id":48368,"date":"2016-08-01T13:15:23","date_gmt":"2016-08-01T10:15:23","guid":{"rendered":"http:\/\/www.sana.sy\/es\/?p=48368"},"modified":"2016-08-01T19:28:17","modified_gmt":"2016-08-01T16:28:17","slug":"cuatro-heridos-tras-ataques-terroristas-con-morteros-contra-el-pueblo-de-judeidet-artoz-en-la-provincia-de-damasco-campo","status":"publish","type":"post","link":"https:\/\/archive.sana.sy\/es\/?p=48368","title":{"rendered":"Muertos y heridos tras ataques terroristas en Damasco Campo, Alepo, Idleb y Hasakeh"},"content":{"rendered":"<p style=\"text-align: justify\"><span style=\"color: #800000\">Damasco Campo, SANA<\/span><\/p>\n<p style=\"text-align: justify\">Terroristas dispararon morteros contra barrios de la localidad de Judeidet Artoz que causaron heridas a cuatro personas.<\/p>\n<p style=\"text-align: justify\">Una fuente en la Comandancia de Polic\u00eda inform\u00f3 que tres obuses de mortero disparados por los terroristas dejaron a cuatro civiles heridos\u00a0 y da\u00f1os materiales en el lugar.<\/p>\n<p>En Alepo, 5 personas perdieron la vida y otras 28 resultaron heridas a consecuencia de ataques terroristas.<\/p>\n<p>Los terroristas lanzaron misiles contra los barrios de Ramuseh y Hamdanieh y cerca de la facultad de ciencias, mientras sus francotiradores dispararon contra las casas y edificios lo que dej\u00f3 5 m\u00e1rtires y 28 heridos.<\/p>\n<p>Los ataques terroristas provocaron tambi\u00e9n da\u00f1os materiales en los hogares de los ciudadanos.<\/p>\n<p>Mientras en Idleb, una persona residente del poblado de Fouaa, perdi\u00f3 la vida por bala de un francotirador terrorista miembro del denominado \u00a8Ej\u00e9rcito de Fatah\u00a8.<\/p>\n<p>En la provincia de Hasakeh, terroristas detonaron una motocicleta minado lo que dej\u00f3 2 muertos y 13 heridos en el poblado de Arisheh.<\/p>\n<p>El atentado terrorista provoc\u00f3 tambi\u00e9n da\u00f1os materiales en los hogares de los ciudadanos.<\/p>\n<p style=\"text-align: justify\"><span style=\"color: #0000ff\">Hala B., Riad Sh.-Y.K.<\/span><\/p>\n","protected":false},"excerpt":{"rendered":"<p>Damasco Campo, SANA Terroristas dispararon morteros contra barrios de la localidad de Judeidet Artoz que causaron heridas a cuatro personas. Una fuente en la Comandancia de Polic\u00eda inform\u00f3 que tres obuses de mortero disparados por los terroristas dejaron a cuatro civiles heridos\u00a0 y da\u00f1os materiales en el lugar. En Alepo, 5 personas perdieron la vida &hellip;<\/p>\n","protected":false},"author":1,"featured_media":48369,"comment_status":"closed","ping_status":"closed","sticky":false,"template":"","format":"standard","meta":{"footnotes":""},"categories":[477,597,476,576,583,7541],"tags":[8939],"class_list":["post-48368","post","type-post","status-publish","format-standard","has-post-thumbnail","","category-noticias-edulcorantes","category-cinta-de-noticias","category-locales","category-noticias-politicas","category-slide","category-ultimas-noticias","tag-cuatro-heridos-tras-ataques-terroristas-con-morteros-contra-el-pueblo-de-judeidet-artoz-en-la-provincia-de-damasco-campo"],"_links":{"self":[{"href":"https:\/\/archive.sana.sy\/es\/index.php?rest_route=\/wp\/v2\/posts\/48368"}],"collection":[{"href":"https:\/\/archive.sana.sy\/es\/index.php?rest_route=\/wp\/v2\/posts"}],"about":[{"href":"https:\/\/archive.sana.sy\/es\/index.php?rest_route=\/wp\/v2\/types\/post"}],"author":[{"embeddable":true,"href":"https:\/\/archive.sana.sy\/es\/index.php?rest_route=\/wp\/v2\/users\/1"}],"replies":[{"embeddable":true,"href":"https:\/\/archive.sana.sy\/es\/index.php?rest_route=%2Fwp%2Fv2%2Fcomments&post=48368"}],"version-history":[{"count":0,"href":"https:\/\/archive.sana.sy\/es\/index.php?rest_route=\/wp\/v2\/posts\/48368\/revisions"}],"wp:featuredmedia":[{"embeddable":true,"href":"https:\/\/archive.sana.sy\/es\/index.php?rest_route=\/wp\/v2\/media\/48369"}],"wp:attachment":[{"href":"https:\/\/archive.sana.sy\/es\/index.php?rest_route=%2Fwp%2Fv2%2Fmedia&parent=48368"}],"wp:term":[{"taxonomy":"category","embeddable":true,"href":"https:\/\/archive.sana.sy\/es\/index.php?rest_route=%2Fwp%2Fv2%2Fcategories&post=48368"},{"taxonomy":"post_tag","embeddable":true,"href":"https:\/\/archive.sana.sy\/es\/index.php?rest_route=%2Fwp%2Fv2%2Ftags&post=48368"}],"curies":[{"name":"wp","href":"https:\/\/api.w.org\/{rel}","templated":true}]}}