{"id":48588,"date":"2016-08-04T12:33:00","date_gmt":"2016-08-04T09:33:00","guid":{"rendered":"http:\/\/www.sana.sy\/es\/?p=48588"},"modified":"2016-08-04T12:48:59","modified_gmt":"2016-08-04T09:48:59","slug":"churkin-resolucion-de-la-crisis-en-siria-requiere-la-puesta-en-marcha-de-un-serio-dialogo-interserio","status":"publish","type":"post","link":"https:\/\/archive.sana.sy\/es\/?p=48588","title":{"rendered":"Churkin: soluci\u00f3n de la crisis en Siria requiere la puesta en marcha de un serio di\u00e1logo intersirio"},"content":{"rendered":"<div style=\"text-align: justify\">\n<div><\/div>\n<div><span style=\"color: #800000\"><b><span lang=\"ES-TRAD\">Nueva York, SANA<\/span><\/b><\/span><\/div>\n<div><\/div>\n<div><span lang=\"ES-TRAD\">El representante permanente de Rusia ante las Naciones Unidas, \u00a0Vitaly Churkin, llam\u00f3 al relanzamiento del di\u00e1logo intersirio en Ginebra.<\/span><\/div>\n<div><\/div>\n<div><span lang=\"ES-TRAD\">En declaraciones a la prensa en la sede de la ONU en Nueva York, Churkin explic\u00f3 que los esfuerzos internacionales encaminados a resolver la crisis en Siria s\u00f3lo traer\u00e1n el resultado deseado si se pone en marcha un serio di\u00e1logo intersirio.<\/span><\/div>\n<div><\/div>\n<div><span lang=\"ES-TRAD\">El diplom\u00e1tico ruso esper\u00f3 que se logre un avance en la soluci\u00f3n pol\u00edtica de la crisis en Siria antes del inicio de los debates pol\u00edticos generales en el marco de la pr\u00f3xima sesi\u00f3n de la Asamblea General de las Naciones Unidas en septiembre pr\u00f3ximo.<\/span><\/div>\n<div><\/div>\n<div><span lang=\"ES-TRAD\">Revel\u00f3 que el enviado de la ONU a Siria, Staffan de Mistura, ha preparado un paquete de documentos y las partes sirias deben examinar estos documentos y sentarse en una misma mesa para entablar un di\u00e1logo serio.&#8221;<\/span><\/div>\n<\/div>\n<div><\/div>\n<div><span style=\"color: #0000ff\">Fady M., Hala B.<\/span><\/div>\n","protected":false},"excerpt":{"rendered":"<p>Nueva York, SANA El representante permanente de Rusia ante las Naciones Unidas, \u00a0Vitaly Churkin, llam\u00f3 al relanzamiento del di\u00e1logo intersirio en Ginebra. En declaraciones a la prensa en la sede de la ONU en Nueva York, Churkin explic\u00f3 que los esfuerzos internacionales encaminados a resolver la crisis en Siria s\u00f3lo traer\u00e1n el resultado deseado si &hellip;<\/p>\n","protected":false},"author":1,"featured_media":38304,"comment_status":"closed","ping_status":"closed","sticky":false,"template":"","format":"standard","meta":{"footnotes":""},"categories":[597,457,576,7541],"tags":[8957],"class_list":["post-48588","post","type-post","status-publish","format-standard","has-post-thumbnail","","category-cinta-de-noticias","category-noticias-arabe-internacional-politica","category-noticias-politicas","category-ultimas-noticias","tag-churkin-resolucion-de-la-crisis-en-siria-requiere-la-puesta-en-marcha-de-un-serio-dialogo-interserio"],"_links":{"self":[{"href":"https:\/\/archive.sana.sy\/es\/index.php?rest_route=\/wp\/v2\/posts\/48588"}],"collection":[{"href":"https:\/\/archive.sana.sy\/es\/index.php?rest_route=\/wp\/v2\/posts"}],"about":[{"href":"https:\/\/archive.sana.sy\/es\/index.php?rest_route=\/wp\/v2\/types\/post"}],"author":[{"embeddable":true,"href":"https:\/\/archive.sana.sy\/es\/index.php?rest_route=\/wp\/v2\/users\/1"}],"replies":[{"embeddable":true,"href":"https:\/\/archive.sana.sy\/es\/index.php?rest_route=%2Fwp%2Fv2%2Fcomments&post=48588"}],"version-history":[{"count":0,"href":"https:\/\/archive.sana.sy\/es\/index.php?rest_route=\/wp\/v2\/posts\/48588\/revisions"}],"wp:featuredmedia":[{"embeddable":true,"href":"https:\/\/archive.sana.sy\/es\/index.php?rest_route=\/wp\/v2\/media\/38304"}],"wp:attachment":[{"href":"https:\/\/archive.sana.sy\/es\/index.php?rest_route=%2Fwp%2Fv2%2Fmedia&parent=48588"}],"wp:term":[{"taxonomy":"category","embeddable":true,"href":"https:\/\/archive.sana.sy\/es\/index.php?rest_route=%2Fwp%2Fv2%2Fcategories&post=48588"},{"taxonomy":"post_tag","embeddable":true,"href":"https:\/\/archive.sana.sy\/es\/index.php?rest_route=%2Fwp%2Fv2%2Ftags&post=48588"}],"curies":[{"name":"wp","href":"https:\/\/api.w.org\/{rel}","templated":true}]}}